{"id":31707,"date":"2022-11-14T16:18:11","date_gmt":"2022-11-14T15:18:11","guid":{"rendered":"https:\/\/www.ce-illkirch.fr\/wordpress\/?p=31707"},"modified":"2022-11-14T16:18:58","modified_gmt":"2022-11-14T15:18:58","slug":"un-frigo-connecte-au-rie","status":"publish","type":"post","link":"https:\/\/www.ce-illkirch.fr\/wordpress\/2022\/11\/offres-commerciales\/un-frigo-connecte-au-rie\/","title":{"rendered":"Un frigo connect\u00e9 au RIE"},"content":{"rendered":"<p>Message du RIE : \u00a0 \u00a0 \u00a0 \u00a0\u00a0 <img loading=\"lazy\" decoding=\"async\" class=\"alignnone wp-image-31709\" src=\"https:\/\/www.ce-illkirch.fr\/wordpress\/wp-content\/uploads\/2022\/11\/Eurest.png\" alt=\"\" width=\"105\" height=\"73\" srcset=\"https:\/\/www.ce-illkirch.fr\/wordpress\/wp-content\/uploads\/2022\/11\/Eurest.png 269w, https:\/\/www.ce-illkirch.fr\/wordpress\/wp-content\/uploads\/2022\/11\/Eurest-110x76.png 110w\" sizes=\"auto, (max-width: 105px) 100vw, 105px\" \/><\/p>\n<p>Information \u00e0 nos gentils clients : la prestation \u00ab\u00a0frigo connect\u00e9\u00a0\u00bb au niveau de l&rsquo;espace caf\u00e9t\u00e9ria est en service. Fonctionnement avec votre badge.<\/p>\n<p>Propositions de gamme :<\/p>\n<ul>\n<li>Sandwich \/ salade compos\u00e9e<\/li>\n<li>Plat principal<\/li>\n<li>Assortiment de boissons, yaourts<\/li>\n<li>et quelques douceurs<\/li>\n<\/ul>\n<p>Pour l&rsquo;instant, ouverture de 9h \u00e0 14h30 environ (tant que le personnel est sur place).<\/p>\n<p>A terme, quand la porte de la caf\u00e9t\u00e9ria pourra \u00eatre ferm\u00e9e \u00e0 cl\u00e9, acc\u00e8s possible jusqu&rsquo;\u00e0 18h.<\/p>\n","protected":false},"excerpt":{"rendered":"<p>Message du RIE : \u00a0 \u00a0 \u00a0 \u00a0\u00a0 Information \u00e0 nos gentils clients : la prestation \u00ab\u00a0frigo connect\u00e9\u00a0\u00bb au niveau de l&rsquo;espace caf\u00e9t\u00e9ria est en service. Fonctionnement avec votre badge. [&hellip;]<\/p>\n","protected":false},"author":7,"featured_media":31708,"comment_status":"closed","ping_status":"open","sticky":false,"template":"","format":"standard","meta":{"footnotes":""},"categories":[21,23,26,35],"tags":[],"class_list":["post-31707","post","type-post","status-publish","format-standard","has-post-thumbnail","hentry","category-offres-commerciales","category-prestataires-de-services","category-restaurant","category-top_a_la_une"],"publishpress_future_action":{"enabled":false,"date":"2026-05-07 00:20:12","action":"category","newStatus":"draft","terms":[],"taxonomy":"category","extraData":[]},"publishpress_future_workflow_manual_trigger":{"enabledWorkflows":[]},"_links":{"self":[{"href":"https:\/\/www.ce-illkirch.fr\/wordpress\/wp-json\/wp\/v2\/posts\/31707","targetHints":{"allow":["GET"]}}],"collection":[{"href":"https:\/\/www.ce-illkirch.fr\/wordpress\/wp-json\/wp\/v2\/posts"}],"about":[{"href":"https:\/\/www.ce-illkirch.fr\/wordpress\/wp-json\/wp\/v2\/types\/post"}],"author":[{"embeddable":true,"href":"https:\/\/www.ce-illkirch.fr\/wordpress\/wp-json\/wp\/v2\/users\/7"}],"replies":[{"embeddable":true,"href":"https:\/\/www.ce-illkirch.fr\/wordpress\/wp-json\/wp\/v2\/comments?post=31707"}],"version-history":[{"count":1,"href":"https:\/\/www.ce-illkirch.fr\/wordpress\/wp-json\/wp\/v2\/posts\/31707\/revisions"}],"predecessor-version":[{"id":31710,"href":"https:\/\/www.ce-illkirch.fr\/wordpress\/wp-json\/wp\/v2\/posts\/31707\/revisions\/31710"}],"wp:featuredmedia":[{"embeddable":true,"href":"https:\/\/www.ce-illkirch.fr\/wordpress\/wp-json\/wp\/v2\/media\/31708"}],"wp:attachment":[{"href":"https:\/\/www.ce-illkirch.fr\/wordpress\/wp-json\/wp\/v2\/media?parent=31707"}],"wp:term":[{"taxonomy":"category","embeddable":true,"href":"https:\/\/www.ce-illkirch.fr\/wordpress\/wp-json\/wp\/v2\/categories?post=31707"},{"taxonomy":"post_tag","embeddable":true,"href":"https:\/\/www.ce-illkirch.fr\/wordpress\/wp-json\/wp\/v2\/tags?post=31707"}],"curies":[{"name":"wp","href":"https:\/\/api.w.org\/{rel}","templated":true}]}}