{"id":32030,"date":"2023-01-17T09:25:00","date_gmt":"2023-01-17T08:25:00","guid":{"rendered":"https:\/\/www.ce-illkirch.fr\/wordpress\/?p=32030"},"modified":"2023-02-16T16:50:17","modified_gmt":"2023-02-16T15:50:17","slug":"benjamin-tranie-le-dernier-relais","status":"publish","type":"post","link":"https:\/\/www.ce-illkirch.fr\/wordpress\/2023\/01\/loisirs\/benjamin-tranie-le-dernier-relais\/","title":{"rendered":"Benjamin Trani\u00e9 &#8211; Le dernier relais 27\/01"},"content":{"rendered":"<p>La commission \u00ab\u00a0Loisirs\u00a0\u00bb vous propose une sortie \u00e0 La Sc\u00e8ne de Strasbourg (la nouvelle salle de culture d\u00e9di\u00e9e \u00e0 l\u2019humour dans le quartier de la Meinau) pour le spectacle de <a href=\"https:\/\/fr-fr.facebook.com\/BenjTranie\/\">Benjamin Trani\u00e9<\/a> \u00ab\u00a0Le dernier relais\u00a0\u00bb le vendredi 27 janvier 2023.<\/p>\n<p>Venez vivre les 24h de ce restaurant autoroutier pas comme les autres.<br \/>\nApr\u00e8s plus de 30 ans de bon et loyaux service, le patron d&rsquo;un vieux restaurant, d\u00e9fra\u00eechi et au bord d&rsquo;une autoroute, accepte de revendre son rade au g\u00e9ant du fast food Burger King.<br \/>\nApr\u00e8s toutes ces ann\u00e9es, ce ch\u00e8que d&rsquo;un million d&rsquo;euros vient effacer des ann\u00e9es d&rsquo;histoires, de clients m\u00e9morables et surtout tr\u00e8s chiants. Dans ce spectacle vivez les derni\u00e8res 24h de ce restaurant d&rsquo;autoroute avec les clients qui vont avec&#8230;<\/p>\n<p>\u00c2ge minimum : 16 ans<br \/>\nDur\u00e9e : 1H15<br \/>\n\u00c9crit par : <a href=\"https:\/\/fr-fr.facebook.com\/BenjTranie\/\">Benjamin Trani\u00e9<\/a> et Za\u00efd Sahebdin<br \/>\nMise en sc\u00e8ne : Za\u00efd Sahebdin<\/p>\n<p>Ouverture des portes : 19H30<br \/>\nSpectacle \u00e0 20H30<\/p>\n<p>Prix (subventionn\u00e9): 13\u20ac<\/p>\n<p>Inscriptions au CSE aupr\u00e8s de C\u00e9line ou Wanita avant le 20 janvier.<\/p>\n<p>Un exemple de l&rsquo;univers de l&rsquo;humoriste: Trani\u00e9 raconte https:\/\/www.youtube.com\/playlist?list=PLE8LFCrmXqKRXuVTv6I_yavXFMfPv9oU8.<\/p>\n","protected":false},"excerpt":{"rendered":"<p>La commission \u00ab\u00a0Loisirs\u00a0\u00bb vous propose une sortie \u00e0 La Sc\u00e8ne de Strasbourg (la nouvelle salle de culture d\u00e9di\u00e9e \u00e0 l\u2019humour dans le quartier de la Meinau) pour le spectacle de [&hellip;]<\/p>\n","protected":false},"author":12,"featured_media":32031,"comment_status":"closed","ping_status":"open","sticky":false,"template":"","format":"standard","meta":{"footnotes":""},"categories":[16,18],"tags":[],"class_list":["post-32030","post","type-post","status-publish","format-standard","has-post-thumbnail","hentry","category-loisirs","category-loisirs-sorties"],"publishpress_future_action":{"enabled":false,"date":"2026-05-07 07:30:30","action":"category","newStatus":"draft","terms":[],"taxonomy":"category","extraData":[]},"publishpress_future_workflow_manual_trigger":{"enabledWorkflows":[]},"_links":{"self":[{"href":"https:\/\/www.ce-illkirch.fr\/wordpress\/wp-json\/wp\/v2\/posts\/32030","targetHints":{"allow":["GET"]}}],"collection":[{"href":"https:\/\/www.ce-illkirch.fr\/wordpress\/wp-json\/wp\/v2\/posts"}],"about":[{"href":"https:\/\/www.ce-illkirch.fr\/wordpress\/wp-json\/wp\/v2\/types\/post"}],"author":[{"embeddable":true,"href":"https:\/\/www.ce-illkirch.fr\/wordpress\/wp-json\/wp\/v2\/users\/12"}],"replies":[{"embeddable":true,"href":"https:\/\/www.ce-illkirch.fr\/wordpress\/wp-json\/wp\/v2\/comments?post=32030"}],"version-history":[{"count":8,"href":"https:\/\/www.ce-illkirch.fr\/wordpress\/wp-json\/wp\/v2\/posts\/32030\/revisions"}],"predecessor-version":[{"id":32668,"href":"https:\/\/www.ce-illkirch.fr\/wordpress\/wp-json\/wp\/v2\/posts\/32030\/revisions\/32668"}],"wp:featuredmedia":[{"embeddable":true,"href":"https:\/\/www.ce-illkirch.fr\/wordpress\/wp-json\/wp\/v2\/media\/32031"}],"wp:attachment":[{"href":"https:\/\/www.ce-illkirch.fr\/wordpress\/wp-json\/wp\/v2\/media?parent=32030"}],"wp:term":[{"taxonomy":"category","embeddable":true,"href":"https:\/\/www.ce-illkirch.fr\/wordpress\/wp-json\/wp\/v2\/categories?post=32030"},{"taxonomy":"post_tag","embeddable":true,"href":"https:\/\/www.ce-illkirch.fr\/wordpress\/wp-json\/wp\/v2\/tags?post=32030"}],"curies":[{"name":"wp","href":"https:\/\/api.w.org\/{rel}","templated":true}]}}