{"id":32127,"date":"2023-01-12T11:49:34","date_gmt":"2023-01-12T10:49:34","guid":{"rendered":"https:\/\/www.ce-illkirch.fr\/wordpress\/?p=32127"},"modified":"2023-01-12T11:49:34","modified_gmt":"2023-01-12T10:49:34","slug":"prise-en-charge-des-consultations-psychologiques","status":"publish","type":"post","link":"https:\/\/www.ce-illkirch.fr\/wordpress\/2023\/01\/prestataires-de-services\/prise-en-charge-des-consultations-psychologiques\/","title":{"rendered":"Prise en charge des consultations psychologiques"},"content":{"rendered":"<p><em>Communiqu\u00e9 de Malakoff-Humanis :<\/em><\/p>\n<p>Malakoff Humanis a d\u00e9cid\u00e9 de prolonger jusqu\u2019au 31\/12\/2023 son dispositif de<strong> prise en charge des consultations psychologiques.<\/strong><\/p>\n<p>Ce dispositif a \u00e9t\u00e9 mis en place en 2021, \u00e0 la charge de Malakoff Humanis, pour participer \u00e0 l\u2019accompagnement des situations de souffrance psychique et psychologique li\u00e9es au contexte sanitaire.<\/p>\n<p>Modalit\u00e9s de prise en charge pour 2023 :<\/p>\n<ul>\n<li>2 consultations de psychologues,<\/li>\n<li>dans la limite de 60 \u20ac maximum par s\u00e9ance,<\/li>\n<li>pour chaque b\u00e9n\u00e9ficiaire du contrat (assur\u00e9 et ses ayants droit).<\/li>\n<\/ul>\n<p>Cette prise en charge intervient en plus des garanties existantes et avant l\u2019utilisation des garanties du contrat.<\/p>\n<p>Pour en b\u00e9n\u00e9ficier, rendez-vous sur l\u2019espace Client assur\u00e9 pour transmettre la facture\/note d\u2019honoraires du psychologue (dipl\u00f4m\u00e9s disposant d\u2019un num\u00e9ro ADELI)<\/p>\n","protected":false},"excerpt":{"rendered":"<p>Communiqu\u00e9 de Malakoff-Humanis : Malakoff Humanis a d\u00e9cid\u00e9 de prolonger jusqu\u2019au 31\/12\/2023 son dispositif de prise en charge des consultations psychologiques. Ce dispositif a \u00e9t\u00e9 mis en place en 2021, [&hellip;]<\/p>\n","protected":false},"author":7,"featured_media":30308,"comment_status":"closed","ping_status":"open","sticky":false,"template":"","format":"standard","meta":{"footnotes":""},"categories":[23,35],"tags":[],"class_list":["post-32127","post","type-post","status-publish","format-standard","has-post-thumbnail","hentry","category-prestataires-de-services","category-top_a_la_une"],"publishpress_future_action":{"enabled":false,"date":"2026-05-09 07:15:28","action":"category","newStatus":"draft","terms":[],"taxonomy":"category","extraData":[]},"publishpress_future_workflow_manual_trigger":{"enabledWorkflows":[]},"_links":{"self":[{"href":"https:\/\/www.ce-illkirch.fr\/wordpress\/wp-json\/wp\/v2\/posts\/32127","targetHints":{"allow":["GET"]}}],"collection":[{"href":"https:\/\/www.ce-illkirch.fr\/wordpress\/wp-json\/wp\/v2\/posts"}],"about":[{"href":"https:\/\/www.ce-illkirch.fr\/wordpress\/wp-json\/wp\/v2\/types\/post"}],"author":[{"embeddable":true,"href":"https:\/\/www.ce-illkirch.fr\/wordpress\/wp-json\/wp\/v2\/users\/7"}],"replies":[{"embeddable":true,"href":"https:\/\/www.ce-illkirch.fr\/wordpress\/wp-json\/wp\/v2\/comments?post=32127"}],"version-history":[{"count":1,"href":"https:\/\/www.ce-illkirch.fr\/wordpress\/wp-json\/wp\/v2\/posts\/32127\/revisions"}],"predecessor-version":[{"id":32128,"href":"https:\/\/www.ce-illkirch.fr\/wordpress\/wp-json\/wp\/v2\/posts\/32127\/revisions\/32128"}],"wp:featuredmedia":[{"embeddable":true,"href":"https:\/\/www.ce-illkirch.fr\/wordpress\/wp-json\/wp\/v2\/media\/30308"}],"wp:attachment":[{"href":"https:\/\/www.ce-illkirch.fr\/wordpress\/wp-json\/wp\/v2\/media?parent=32127"}],"wp:term":[{"taxonomy":"category","embeddable":true,"href":"https:\/\/www.ce-illkirch.fr\/wordpress\/wp-json\/wp\/v2\/categories?post=32127"},{"taxonomy":"post_tag","embeddable":true,"href":"https:\/\/www.ce-illkirch.fr\/wordpress\/wp-json\/wp\/v2\/tags?post=32127"}],"curies":[{"name":"wp","href":"https:\/\/api.w.org\/{rel}","templated":true}]}}