{"id":32919,"date":"2023-03-27T09:33:44","date_gmt":"2023-03-27T07:33:44","guid":{"rendered":"https:\/\/www.ce-illkirch.fr\/wordpress\/?p=32919"},"modified":"2025-06-19T14:51:31","modified_gmt":"2025-06-19T12:51:31","slug":"asali-thriathlon-le-programme","status":"publish","type":"post","link":"https:\/\/www.ce-illkirch.fr\/wordpress\/2023\/03\/scabsi\/asali-thriathlon-le-programme\/","title":{"rendered":"Asali Triathlon : le programme"},"content":{"rendered":"<p>Asali participe aux co\u00fbts d\u2019inscription \u00e0 toutes les \u00e9preuves B&amp;R, Duathlon et Triathlon propos\u00e9es par la ligue Grand Est. A ces \u00e9preuves se rajoute l\u2019Equip\u00e9e de la Rose.<\/p>\n<p>Vous pourrez trouver le calendrier des courses sur le site de la ligue Grand Est\u00a0:<\/p>\n<blockquote class=\"wp-embedded-content\" data-secret=\"TacyaMBCjX\"><p><a href=\"https:\/\/www.triathlongrandest.fr\/epreuves\/a-venir\/\">Epreuves \u00e0 venir<\/a><\/p><\/blockquote>\n<p><iframe loading=\"lazy\" class=\"wp-embedded-content\" sandbox=\"allow-scripts\" security=\"restricted\" style=\"position: absolute; visibility: hidden;\" title=\"\u00ab\u00a0Epreuves \u00e0 venir\u00a0\u00bb &#8212; Ligue R\u00e9gionale de Triathlon Grand Est\" src=\"https:\/\/www.triathlongrandest.fr\/epreuves\/a-venir\/embed\/#?secret=YGHT1tPJdI#?secret=TacyaMBCjX\" data-secret=\"TacyaMBCjX\" width=\"600\" height=\"338\" frameborder=\"0\" marginwidth=\"0\" marginheight=\"0\" scrolling=\"no\"><\/iframe><\/p>\n<p><u>R<\/u><u>\u00e9sum<\/u><u>\u00e9 du calendrier:<\/u><\/p>\n<ul>\n<li>07\/05 Duathlon de Betschdorf<\/li>\n<li>17\/05 Triathlon de Bischwiller<\/li>\n<li>04\/06 Triathlon d\u2019Obernai<\/li>\n<li>17\/06\u00a0 Triathlon Trithur<\/li>\n<li>02\/07 Triathlon de la Licorne (Saverne)<\/li>\n<li>08\/07 &amp; 09\/07 Triathlon Elsassman<\/li>\n<li>24\/09 Triathlon de Colmar<\/li>\n<li>01\/10 Triathlon Greenman<\/li>\n<li>03\/12 Bike &amp; Run d\u2019Oberhausbergen<\/li>\n<\/ul>\n<p><u>Remboursement des inscriptions\u00a0:<\/u><\/p>\n<p>Les inscriptions sont \u00e0 faire individuellement, sauf pour les courses par \u00e9quipe, pour lesquelles chaque capitaine d\u2019\u00e9quipe se chargera d\u2019inscrire son \u00e9quipe.<\/p>\n<p>Pensez \u00e0 chaque fois \u00e0 faire une copie de votre feuille d\u2019inscription afin d\u2019avoir un justificatif pour b\u00e9n\u00e9ficier du remboursement.<\/p>\n<p>Les courses par \u00e9quipe seront prises en charge int\u00e9gralement, les autres courses seront rembours\u00e9es en fonction du budget disponible et du nombre d\u2019inscrits.<\/p>\n<p>Pour rappel, la participation aux frais d\u2019inscription aux courses est valable pour les membres d\u2019ASALI et leurs ayants droit (salari\u00e9s ALE, Nokia, conjoint, enfants &#8211; 18 ans, retrait\u00e9s).<\/p>\n<p>Bon entrainement, Christophe Klein<\/p>\n","protected":false},"excerpt":{"rendered":"<p>Asali participe aux co\u00fbts d\u2019inscription \u00e0 toutes les \u00e9preuves B&amp;R, Duathlon et Triathlon propos\u00e9es par la ligue Grand Est. A ces \u00e9preuves se rajoute l\u2019Equip\u00e9e de la Rose. Vous pourrez [&hellip;]<\/p>\n","protected":false},"author":2,"featured_media":32920,"comment_status":"closed","ping_status":"open","sticky":false,"template":"","format":"standard","meta":{"footnotes":""},"categories":[45,29,30],"tags":[],"class_list":["post-32919","post","type-post","status-publish","format-standard","has-post-thumbnail","hentry","category-athle","category-scabsi","category-scabsi-velo"],"publishpress_future_action":{"enabled":false,"date":"2026-05-07 01:47:58","action":"category","newStatus":"draft","terms":[],"taxonomy":"category","extraData":[]},"publishpress_future_workflow_manual_trigger":{"enabledWorkflows":[]},"_links":{"self":[{"href":"https:\/\/www.ce-illkirch.fr\/wordpress\/wp-json\/wp\/v2\/posts\/32919","targetHints":{"allow":["GET"]}}],"collection":[{"href":"https:\/\/www.ce-illkirch.fr\/wordpress\/wp-json\/wp\/v2\/posts"}],"about":[{"href":"https:\/\/www.ce-illkirch.fr\/wordpress\/wp-json\/wp\/v2\/types\/post"}],"author":[{"embeddable":true,"href":"https:\/\/www.ce-illkirch.fr\/wordpress\/wp-json\/wp\/v2\/users\/2"}],"replies":[{"embeddable":true,"href":"https:\/\/www.ce-illkirch.fr\/wordpress\/wp-json\/wp\/v2\/comments?post=32919"}],"version-history":[{"count":6,"href":"https:\/\/www.ce-illkirch.fr\/wordpress\/wp-json\/wp\/v2\/posts\/32919\/revisions"}],"predecessor-version":[{"id":37670,"href":"https:\/\/www.ce-illkirch.fr\/wordpress\/wp-json\/wp\/v2\/posts\/32919\/revisions\/37670"}],"wp:featuredmedia":[{"embeddable":true,"href":"https:\/\/www.ce-illkirch.fr\/wordpress\/wp-json\/wp\/v2\/media\/32920"}],"wp:attachment":[{"href":"https:\/\/www.ce-illkirch.fr\/wordpress\/wp-json\/wp\/v2\/media?parent=32919"}],"wp:term":[{"taxonomy":"category","embeddable":true,"href":"https:\/\/www.ce-illkirch.fr\/wordpress\/wp-json\/wp\/v2\/categories?post=32919"},{"taxonomy":"post_tag","embeddable":true,"href":"https:\/\/www.ce-illkirch.fr\/wordpress\/wp-json\/wp\/v2\/tags?post=32919"}],"curies":[{"name":"wp","href":"https:\/\/api.w.org\/{rel}","templated":true}]}}