{"id":33180,"date":"2023-07-12T11:51:31","date_gmt":"2023-07-12T09:51:31","guid":{"rendered":"https:\/\/www.ce-illkirch.fr\/wordpress\/?p=33180"},"modified":"2025-06-19T14:52:24","modified_gmt":"2025-06-19T12:52:24","slug":"14ieme-edition-du-challenge-au-boulot-a-velo","status":"publish","type":"post","link":"https:\/\/www.ce-illkirch.fr\/wordpress\/2023\/07\/ecologie\/14ieme-edition-du-challenge-au-boulot-a-velo\/","title":{"rendered":"14i\u00e8me \u00e9dition du challenge Au Boulot \u00e0 V\u00e9lo"},"content":{"rendered":"<ul>\n<li>\n<h2>Ils pr\u00e9parent d\u00e9j\u00e0 2024 : quelques km \u00e0 gagner pour la nouvelle \u00e9dition :<\/h2>\n<\/li>\n<\/ul>\n<p><img loading=\"lazy\" decoding=\"async\" class=\"alignnone  wp-image-33531\" src=\"https:\/\/www.ce-illkirch.fr\/wordpress\/wp-content\/uploads\/2023\/07\/image587-300x263.png\" alt=\"\" width=\"394\" height=\"345\" srcset=\"https:\/\/www.ce-illkirch.fr\/wordpress\/wp-content\/uploads\/2023\/07\/image587-300x263.png 300w, https:\/\/www.ce-illkirch.fr\/wordpress\/wp-content\/uploads\/2023\/07\/image587-110x96.png 110w, https:\/\/www.ce-illkirch.fr\/wordpress\/wp-content\/uploads\/2023\/07\/image587-420x368.png 420w, https:\/\/www.ce-illkirch.fr\/wordpress\/wp-content\/uploads\/2023\/07\/image587-491x430.png 491w, https:\/\/www.ce-illkirch.fr\/wordpress\/wp-content\/uploads\/2023\/07\/image587.png 626w\" sizes=\"auto, (max-width: 394px) 100vw, 394px\" \/><\/p>\n<ul>\n<li>Remise de prix le 7\/07, si vous souhaitez y participer vous pouvez vous inscrire sur ce lien <a href=\"https:\/\/www.eventbrite.fr\/e\/billets-ceremonie-de-remise-des-prix-du-challenge-au-boulo-a-velo-2023-668177395577?aff=oddtdtcreator\">: <em>https:\/\/www.eventbrite.fr\/e\/billets-ceremonie-de-remise-des-prix-du-challenge-au-boulo-a-velo-2023-668177395577?aff=oddtdtcreator<\/em><\/a><\/li>\n<li>photo 2023, merci Remi ! <img loading=\"lazy\" decoding=\"async\" class=\"wp-image-33408 aligncenter\" src=\"https:\/\/www.ce-illkirch.fr\/wordpress\/wp-content\/uploads\/2023\/06\/2023-06-30-ABAV-Challenge-Velo-300x179.jpg\" alt=\"\" width=\"892\" height=\"532\" srcset=\"https:\/\/www.ce-illkirch.fr\/wordpress\/wp-content\/uploads\/2023\/06\/2023-06-30-ABAV-Challenge-Velo-300x179.jpg 300w, https:\/\/www.ce-illkirch.fr\/wordpress\/wp-content\/uploads\/2023\/06\/2023-06-30-ABAV-Challenge-Velo-1024x610.jpg 1024w, https:\/\/www.ce-illkirch.fr\/wordpress\/wp-content\/uploads\/2023\/06\/2023-06-30-ABAV-Challenge-Velo-768x457.jpg 768w, https:\/\/www.ce-illkirch.fr\/wordpress\/wp-content\/uploads\/2023\/06\/2023-06-30-ABAV-Challenge-Velo-1536x915.jpg 1536w, https:\/\/www.ce-illkirch.fr\/wordpress\/wp-content\/uploads\/2023\/06\/2023-06-30-ABAV-Challenge-Velo-2048x1220.jpg 2048w, https:\/\/www.ce-illkirch.fr\/wordpress\/wp-content\/uploads\/2023\/06\/2023-06-30-ABAV-Challenge-Velo-110x66.jpg 110w, https:\/\/www.ce-illkirch.fr\/wordpress\/wp-content\/uploads\/2023\/06\/2023-06-30-ABAV-Challenge-Velo-420x250.jpg 420w, https:\/\/www.ce-illkirch.fr\/wordpress\/wp-content\/uploads\/2023\/06\/2023-06-30-ABAV-Challenge-Velo-722x430.jpg 722w\" sizes=\"auto, (max-width: 892px) 100vw, 892px\" \/><\/li>\n<li>\n<h3>N&rsquo;oubliez pas d&rsquo;inscrire vos kilom\u00e8tres avant le 02\/07 !<\/h3>\n<\/li>\n<\/ul>\n<h3><strong><img loading=\"lazy\" decoding=\"async\" class=\"wp-image-33392 alignleft\" src=\"https:\/\/www.ce-illkirch.fr\/wordpress\/wp-content\/uploads\/2023\/06\/2023-06-23-ABAV-Soiree-de-la-Derniere-Chance-300x208.jpg\" alt=\"\" width=\"723\" height=\"501\" srcset=\"https:\/\/www.ce-illkirch.fr\/wordpress\/wp-content\/uploads\/2023\/06\/2023-06-23-ABAV-Soiree-de-la-Derniere-Chance-300x208.jpg 300w, https:\/\/www.ce-illkirch.fr\/wordpress\/wp-content\/uploads\/2023\/06\/2023-06-23-ABAV-Soiree-de-la-Derniere-Chance-1024x708.jpg 1024w, https:\/\/www.ce-illkirch.fr\/wordpress\/wp-content\/uploads\/2023\/06\/2023-06-23-ABAV-Soiree-de-la-Derniere-Chance-768x531.jpg 768w, https:\/\/www.ce-illkirch.fr\/wordpress\/wp-content\/uploads\/2023\/06\/2023-06-23-ABAV-Soiree-de-la-Derniere-Chance-1536x1063.jpg 1536w, https:\/\/www.ce-illkirch.fr\/wordpress\/wp-content\/uploads\/2023\/06\/2023-06-23-ABAV-Soiree-de-la-Derniere-Chance-2048x1417.jpg 2048w, https:\/\/www.ce-illkirch.fr\/wordpress\/wp-content\/uploads\/2023\/06\/2023-06-23-ABAV-Soiree-de-la-Derniere-Chance-110x76.jpg 110w, https:\/\/www.ce-illkirch.fr\/wordpress\/wp-content\/uploads\/2023\/06\/2023-06-23-ABAV-Soiree-de-la-Derniere-Chance-420x291.jpg 420w, https:\/\/www.ce-illkirch.fr\/wordpress\/wp-content\/uploads\/2023\/06\/2023-06-23-ABAV-Soiree-de-la-Derniere-Chance-621x430.jpg 621w\" sizes=\"auto, (max-width: 723px) 100vw, 723px\" \/>La grande soir\u00e9e \u00ab\u00a0sans nom<\/strong>\u00a0\u00bb (23\/06 Rowing Club) : 2 \u00e9quipes inscrites et <strong>3\u00e8me place<\/strong> sur 100 \u00e9quipes inscrites pour l&rsquo;\u00e9quipe sportive. Bravo aux participants !<\/h3>\n<p>&nbsp;<\/p>\n<p>&nbsp;<\/p>\n<p>&nbsp;<\/p>\n<p>&nbsp;<\/p>\n<p>&nbsp;<\/p>\n<p><strong>\u00a0<\/strong><\/p>\n<p>&nbsp;<\/p>\n<p>&nbsp;<\/p>\n<p>&nbsp;<\/p>\n<p>&nbsp;<\/p>\n<p>&nbsp;<\/p>\n<p>V\u00e9lotafeuses, V\u00e9lotafeurs,<\/p>\n<p>Participez au challenge <strong>\u00ab\u00a0<\/strong><b>Au boulot \u00e0 V\u00e9lo\u00a0\u00bb du 1er au 30 juin 2023 !<\/b><\/p>\n<p><strong>Au programme cette ann\u00e9e:<\/strong><\/p>\n<ul>\n<li>du 1er au 30 juin 2023 : <strong>22 jours<\/strong> <strong>p\u00e9dalage pour se rendre au boulot<\/strong> !!!<\/li>\n<li><strong>chaque participant s\u2019inscrit<\/strong> sur le compte de l\u2019entreprise via ce <strong>lien<\/strong> (ne rien mettre dans le champ \u00ab\u00a0Service\u00a0\u00bb)\n<ul>\n<li>depuis votre compte personnel vous indiquerez vos km parcourus \u00e0 v\u00e9lo.<\/li>\n<li>rappel du r\u00e8glement <strong>ici<\/strong><\/li>\n<li>le score obtenu est fonction du <b>nb total de km <\/b>et du <b>nb moyen de participants par jour<\/b> rapport\u00e9s \u00e0 l\u2019<b>effectif total de l\u2019\u00e9tablissement\u00a0<\/b>:\n<ul>\n<li>la <b>r\u00e9gularit\u00e9<\/b> est donc importante, le nombre de trajets compte autant que le nombre de km<br \/>\net les \u00ab\u00a0petits\u00a0\u00bb rouleurs ne p\u00e9nalisent pas le score puisque leur r\u00e9gularit\u00e9 compense\u00a0!!!<\/li>\n<\/ul>\n<\/li>\n<li>\u00a0l\u2019intermodalit\u00e9 est possible, ce sont les tron\u00e7ons r\u00e9alis\u00e9s \u00e0 v\u00e9lo qui sont comptabilis\u00e9s.<\/li>\n<li>pour participer lors d&rsquo;une journ\u00e9e en <strong>t\u00e9l\u00e9travail<\/strong>, utilisez l&rsquo;application sur smartphone sans d\u00e9passer la distance \u00ab aller\/retour domicile travail \u00bb<\/li>\n<\/ul>\n<\/li>\n<li><strong>50 balises<\/strong> \u00e0 trouver: du 5 au 18 juin sur le territoire de l&rsquo;Eurom\u00e9tropole de Strasbourg<\/li>\n<li><strong>recyclage des vieux v\u00e9los<\/strong>: donnez vos vieux v\u00e9los, chaque v\u00e9lo collect\u00e9 rapporte 50 km. V\u00e9lo \u00e0 rapporter <strong>avant le 12 juin<\/strong> (contact C\u00e9line ou Rodolphe Dugu\u00e9) : 4 v\u00e9los donn\u00e9s et 1 v\u00e9lo redistribu\u00e9 \u00e0 un salari\u00e9<\/li>\n<li><strong>le d\u00e9fi de la photo de groupe<\/strong>: soyez pr\u00e9sent les 26 et 28 juin \u00e0 12h45 devant l&rsquo;entr\u00e9e du b\u00e2timent pour la photo de groupe<\/li>\n<li>Les <strong>parrainages<\/strong> seront r\u00e9compens\u00e9s: chaque parrain d&rsquo;un nouveau participant au challenge recevra 2 places cin\u00e9 ou \u00e9quivalent<\/li>\n<li>&#8230; et pour bien d\u00e9marrer ce challenge, <strong>1 petit d\u00e9jeuner offert<\/strong> parmi ces 4 dates: 1, 2, 6 ou 7 juin de 8h \u00e0 9h30 \u00e0 la tisanerie du B0<br \/>\n<h3><img loading=\"lazy\" decoding=\"async\" class=\"wp-image-33184 alignleft\" src=\"https:\/\/www.ce-illkirch.fr\/wordpress\/wp-content\/uploads\/2023\/05\/Plaque_2023.jpg\" alt=\"\" width=\"355\" height=\"228\" srcset=\"https:\/\/www.ce-illkirch.fr\/wordpress\/wp-content\/uploads\/2023\/05\/Plaque_2023.jpg 561w, https:\/\/www.ce-illkirch.fr\/wordpress\/wp-content\/uploads\/2023\/05\/Plaque_2023-300x193.jpg 300w, https:\/\/www.ce-illkirch.fr\/wordpress\/wp-content\/uploads\/2023\/05\/Plaque_2023-110x71.jpg 110w, https:\/\/www.ce-illkirch.fr\/wordpress\/wp-content\/uploads\/2023\/05\/Plaque_2023-420x270.jpg 420w\" sizes=\"auto, (max-width: 355px) 100vw, 355px\" \/><\/h3>\n<\/li>\n<\/ul>\n<p>&nbsp;<\/p>\n<p>&nbsp;<\/p>\n<p>&nbsp;<\/p>\n<p>&nbsp;<\/p>\n<p>&nbsp;<\/p>\n<p>&nbsp;<\/p>\n<p>&nbsp;<\/p>\n<p>&nbsp;<\/p>\n<p>Enfin, pour votre s\u00e9curit\u00e9 &#8230; n\u2019oubliez pas votre casque.<\/p>\n<p>La Commission Transport du CSE<\/p>\n","protected":false},"excerpt":{"rendered":"<p>Ils pr\u00e9parent d\u00e9j\u00e0 2024 : quelques km \u00e0 gagner pour la nouvelle \u00e9dition : Remise de prix le 7\/07, si vous souhaitez y participer vous pouvez vous inscrire sur ce [&hellip;]<\/p>\n","protected":false},"author":4,"featured_media":33201,"comment_status":"closed","ping_status":"open","sticky":false,"template":"","format":"standard","meta":{"footnotes":""},"categories":[10,39],"tags":[],"class_list":["post-33180","post","type-post","status-publish","format-standard","has-post-thumbnail","hentry","category-ecologie","category-transport"],"publishpress_future_action":{"enabled":false,"date":"2026-05-07 00:52:54","action":"category","newStatus":"draft","terms":[],"taxonomy":"category","extraData":[]},"publishpress_future_workflow_manual_trigger":{"enabledWorkflows":[]},"_links":{"self":[{"href":"https:\/\/www.ce-illkirch.fr\/wordpress\/wp-json\/wp\/v2\/posts\/33180","targetHints":{"allow":["GET"]}}],"collection":[{"href":"https:\/\/www.ce-illkirch.fr\/wordpress\/wp-json\/wp\/v2\/posts"}],"about":[{"href":"https:\/\/www.ce-illkirch.fr\/wordpress\/wp-json\/wp\/v2\/types\/post"}],"author":[{"embeddable":true,"href":"https:\/\/www.ce-illkirch.fr\/wordpress\/wp-json\/wp\/v2\/users\/4"}],"replies":[{"embeddable":true,"href":"https:\/\/www.ce-illkirch.fr\/wordpress\/wp-json\/wp\/v2\/comments?post=33180"}],"version-history":[{"count":37,"href":"https:\/\/www.ce-illkirch.fr\/wordpress\/wp-json\/wp\/v2\/posts\/33180\/revisions"}],"predecessor-version":[{"id":37672,"href":"https:\/\/www.ce-illkirch.fr\/wordpress\/wp-json\/wp\/v2\/posts\/33180\/revisions\/37672"}],"wp:featuredmedia":[{"embeddable":true,"href":"https:\/\/www.ce-illkirch.fr\/wordpress\/wp-json\/wp\/v2\/media\/33201"}],"wp:attachment":[{"href":"https:\/\/www.ce-illkirch.fr\/wordpress\/wp-json\/wp\/v2\/media?parent=33180"}],"wp:term":[{"taxonomy":"category","embeddable":true,"href":"https:\/\/www.ce-illkirch.fr\/wordpress\/wp-json\/wp\/v2\/categories?post=33180"},{"taxonomy":"post_tag","embeddable":true,"href":"https:\/\/www.ce-illkirch.fr\/wordpress\/wp-json\/wp\/v2\/tags?post=33180"}],"curies":[{"name":"wp","href":"https:\/\/api.w.org\/{rel}","templated":true}]}}