{"id":33429,"date":"2023-07-31T11:01:00","date_gmt":"2023-07-31T09:01:00","guid":{"rendered":"https:\/\/www.ce-illkirch.fr\/wordpress\/?p=33429"},"modified":"2023-07-31T11:50:49","modified_gmt":"2023-07-31T09:50:49","slug":"rtt-je-fais-mes-conserves-28-08","status":"publish","type":"post","link":"https:\/\/www.ce-illkirch.fr\/wordpress\/2023\/07\/ecologie\/rtt-je-fais-mes-conserves-28-08\/","title":{"rendered":"Stage loisirs \u00ab\u00a0je fais mes conserves\u00a0\u00bb"},"content":{"rendered":"<p><strong>Session du 28\/08\/2023 annul\u00e9e <\/strong>faute de suffisamment de participants. Mais vous pouvez vous <strong>inscrire en individuel au stage<\/strong> (m\u00eame programme) du<strong> samedi 26 aout, directement aupr\u00e8s de CanopTerre.<br \/>\n<\/strong><\/p>\n<p><strong>Stage de 9h \u00e0 17h \u00e0<\/strong> <a title=\"CanopTerre\" href=\"https:\/\/canopterre.fr\/\" target=\"_blank\" rel=\"noopener\">Canop\u2019Terre<\/a> d&rsquo;Erstein. <a href=\"https:\/\/www.ce-illkirch.fr\/wordpress\/wp-content\/uploads\/2017\/06\/23_conserve.pdf\" target=\"_blank\" rel=\"noopener\">Affiche<\/a><\/p>\n<p><strong>Tarif 37,5 \u20ac<\/strong> (ALE &#8211; NOKIA) au lieu de 75 \u20ac. Remboursement sur facture.<\/p>\n","protected":false},"excerpt":{"rendered":"<p>Session du 28\/08\/2023 annul\u00e9e faute de suffisamment de participants. Mais vous pouvez vous inscrire en individuel au stage (m\u00eame programme) du samedi 26 aout, directement aupr\u00e8s de CanopTerre. Stage de [&hellip;]<\/p>\n","protected":false},"author":2,"featured_media":33437,"comment_status":"closed","ping_status":"open","sticky":false,"template":"","format":"standard","meta":{"footnotes":""},"categories":[10,16],"tags":[],"class_list":["post-33429","post","type-post","status-publish","format-standard","has-post-thumbnail","hentry","category-ecologie","category-loisirs"],"publishpress_future_action":{"enabled":false,"date":"2026-05-07 03:32:36","action":"category","newStatus":"draft","terms":[],"taxonomy":"category","extraData":[]},"publishpress_future_workflow_manual_trigger":{"enabledWorkflows":[]},"_links":{"self":[{"href":"https:\/\/www.ce-illkirch.fr\/wordpress\/wp-json\/wp\/v2\/posts\/33429","targetHints":{"allow":["GET"]}}],"collection":[{"href":"https:\/\/www.ce-illkirch.fr\/wordpress\/wp-json\/wp\/v2\/posts"}],"about":[{"href":"https:\/\/www.ce-illkirch.fr\/wordpress\/wp-json\/wp\/v2\/types\/post"}],"author":[{"embeddable":true,"href":"https:\/\/www.ce-illkirch.fr\/wordpress\/wp-json\/wp\/v2\/users\/2"}],"replies":[{"embeddable":true,"href":"https:\/\/www.ce-illkirch.fr\/wordpress\/wp-json\/wp\/v2\/comments?post=33429"}],"version-history":[{"count":5,"href":"https:\/\/www.ce-illkirch.fr\/wordpress\/wp-json\/wp\/v2\/posts\/33429\/revisions"}],"predecessor-version":[{"id":33589,"href":"https:\/\/www.ce-illkirch.fr\/wordpress\/wp-json\/wp\/v2\/posts\/33429\/revisions\/33589"}],"wp:featuredmedia":[{"embeddable":true,"href":"https:\/\/www.ce-illkirch.fr\/wordpress\/wp-json\/wp\/v2\/media\/33437"}],"wp:attachment":[{"href":"https:\/\/www.ce-illkirch.fr\/wordpress\/wp-json\/wp\/v2\/media?parent=33429"}],"wp:term":[{"taxonomy":"category","embeddable":true,"href":"https:\/\/www.ce-illkirch.fr\/wordpress\/wp-json\/wp\/v2\/categories?post=33429"},{"taxonomy":"post_tag","embeddable":true,"href":"https:\/\/www.ce-illkirch.fr\/wordpress\/wp-json\/wp\/v2\/tags?post=33429"}],"curies":[{"name":"wp","href":"https:\/\/api.w.org\/{rel}","templated":true}]}}