{"id":33510,"date":"2023-09-14T18:42:08","date_gmt":"2023-09-14T16:42:08","guid":{"rendered":"https:\/\/www.ce-illkirch.fr\/wordpress\/?p=33510"},"modified":"2023-09-21T10:41:46","modified_gmt":"2023-09-21T08:41:46","slug":"on-est-les-champions","status":"publish","type":"post","link":"https:\/\/www.ce-illkirch.fr\/wordpress\/2023\/09\/scabsi\/on-est-les-champions\/","title":{"rendered":"ABAV : On est les champions ! = ap\u00e9ro 19 ou 20\/09"},"content":{"rendered":"<p><img loading=\"lazy\" decoding=\"async\" class=\" wp-image-33500 alignleft\" src=\"https:\/\/www.ce-illkirch.fr\/wordpress\/wp-content\/uploads\/2023\/07\/20230707_201346_855-2-300x200.jpg\" alt=\"\" width=\"385\" height=\"256\" srcset=\"https:\/\/www.ce-illkirch.fr\/wordpress\/wp-content\/uploads\/2023\/07\/20230707_201346_855-2-300x200.jpg 300w, https:\/\/www.ce-illkirch.fr\/wordpress\/wp-content\/uploads\/2023\/07\/20230707_201346_855-2-1024x683.jpg 1024w, https:\/\/www.ce-illkirch.fr\/wordpress\/wp-content\/uploads\/2023\/07\/20230707_201346_855-2-768x512.jpg 768w, https:\/\/www.ce-illkirch.fr\/wordpress\/wp-content\/uploads\/2023\/07\/20230707_201346_855-2-1536x1024.jpg 1536w, https:\/\/www.ce-illkirch.fr\/wordpress\/wp-content\/uploads\/2023\/07\/20230707_201346_855-2-110x73.jpg 110w, https:\/\/www.ce-illkirch.fr\/wordpress\/wp-content\/uploads\/2023\/07\/20230707_201346_855-2-420x280.jpg 420w, https:\/\/www.ce-illkirch.fr\/wordpress\/wp-content\/uploads\/2023\/07\/20230707_201346_855-2-645x430.jpg 645w, https:\/\/www.ce-illkirch.fr\/wordpress\/wp-content\/uploads\/2023\/07\/20230707_201346_855-2.jpg 1800w\" sizes=\"auto, (max-width: 385px) 100vw, 385px\" \/><span style=\"color: #000000;\">Au boulot \u00e0 v\u00e9lo 2023 :<\/span><\/p>\n<h3><span style=\"color: #000000;\">A tous les participants du challenge, rendez-vous mardi 19\/09 17h ou mercredi 20\/09 12h \u00e0 la tisanerie du B0, pour d\u00e9guster en ap\u00e9ro les paniers que nous avons re\u00e7us en 1er lot.<\/span><\/h3>\n<h1><a href=\"https:\/\/framadate.org\/HWdyaj9OEB1AfTzx\">Sondage<\/a> <span style=\"color: #000000;\">\u00e0 remplir avant le 15\/09 au soir, afin de commander en quantit\u00e9 suffisante<\/span><\/h1>\n<p>Merci pour votre participation et motivation.<\/p>\n<h4><span style=\"color: #000000;\">860 entreprises inscrites soit 17 125 cyclistes qui ont p\u00e9dal\u00e9 2.2 millions km<\/span><\/h4>\n<h2><img loading=\"lazy\" decoding=\"async\" class=\"size-medium wp-image-33499 alignleft\" src=\"https:\/\/www.ce-illkirch.fr\/wordpress\/wp-content\/uploads\/2023\/07\/2023_resultats-300x96.png\" alt=\"\" width=\"300\" height=\"96\" srcset=\"https:\/\/www.ce-illkirch.fr\/wordpress\/wp-content\/uploads\/2023\/07\/2023_resultats-300x96.png 300w, https:\/\/www.ce-illkirch.fr\/wordpress\/wp-content\/uploads\/2023\/07\/2023_resultats-110x35.png 110w, https:\/\/www.ce-illkirch.fr\/wordpress\/wp-content\/uploads\/2023\/07\/2023_resultats-420x135.png 420w, https:\/\/www.ce-illkirch.fr\/wordpress\/wp-content\/uploads\/2023\/07\/2023_resultats.png 502w\" sizes=\"auto, (max-width: 300px) 100vw, 300px\" \/><\/h2>\n<p>&nbsp;<\/p>\n<p>&nbsp;<\/p>\n<p>&nbsp;<\/p>\n","protected":false},"excerpt":{"rendered":"<p>Au boulot \u00e0 v\u00e9lo 2023 : A tous les participants du challenge, rendez-vous mardi 19\/09 17h ou mercredi 20\/09 12h \u00e0 la tisanerie du B0, pour d\u00e9guster en ap\u00e9ro les [&hellip;]<\/p>\n","protected":false},"author":2,"featured_media":33505,"comment_status":"closed","ping_status":"open","sticky":false,"template":"","format":"standard","meta":{"footnotes":""},"categories":[29,39],"tags":[],"class_list":["post-33510","post","type-post","status-publish","format-standard","has-post-thumbnail","hentry","category-scabsi","category-transport"],"publishpress_future_action":{"enabled":false,"date":"2026-05-07 03:12:36","action":"category","newStatus":"draft","terms":[],"taxonomy":"category","extraData":[]},"publishpress_future_workflow_manual_trigger":{"enabledWorkflows":[]},"_links":{"self":[{"href":"https:\/\/www.ce-illkirch.fr\/wordpress\/wp-json\/wp\/v2\/posts\/33510","targetHints":{"allow":["GET"]}}],"collection":[{"href":"https:\/\/www.ce-illkirch.fr\/wordpress\/wp-json\/wp\/v2\/posts"}],"about":[{"href":"https:\/\/www.ce-illkirch.fr\/wordpress\/wp-json\/wp\/v2\/types\/post"}],"author":[{"embeddable":true,"href":"https:\/\/www.ce-illkirch.fr\/wordpress\/wp-json\/wp\/v2\/users\/2"}],"replies":[{"embeddable":true,"href":"https:\/\/www.ce-illkirch.fr\/wordpress\/wp-json\/wp\/v2\/comments?post=33510"}],"version-history":[{"count":9,"href":"https:\/\/www.ce-illkirch.fr\/wordpress\/wp-json\/wp\/v2\/posts\/33510\/revisions"}],"predecessor-version":[{"id":33843,"href":"https:\/\/www.ce-illkirch.fr\/wordpress\/wp-json\/wp\/v2\/posts\/33510\/revisions\/33843"}],"wp:featuredmedia":[{"embeddable":true,"href":"https:\/\/www.ce-illkirch.fr\/wordpress\/wp-json\/wp\/v2\/media\/33505"}],"wp:attachment":[{"href":"https:\/\/www.ce-illkirch.fr\/wordpress\/wp-json\/wp\/v2\/media?parent=33510"}],"wp:term":[{"taxonomy":"category","embeddable":true,"href":"https:\/\/www.ce-illkirch.fr\/wordpress\/wp-json\/wp\/v2\/categories?post=33510"},{"taxonomy":"post_tag","embeddable":true,"href":"https:\/\/www.ce-illkirch.fr\/wordpress\/wp-json\/wp\/v2\/tags?post=33510"}],"curies":[{"name":"wp","href":"https:\/\/api.w.org\/{rel}","templated":true}]}}