{"id":34019,"date":"2023-10-11T17:15:44","date_gmt":"2023-10-11T15:15:44","guid":{"rendered":"https:\/\/www.ce-illkirch.fr\/wordpress\/?p=34019"},"modified":"2025-06-19T14:55:49","modified_gmt":"2025-06-19T12:55:49","slug":"commission-transport-les-news","status":"publish","type":"post","link":"https:\/\/www.ce-illkirch.fr\/wordpress\/2023\/10\/transport\/commission-transport-les-news\/","title":{"rendered":"Commission Transport: les News !!!"},"content":{"rendered":"<h3>Strasbourg Eurom\u00e9tropole:<\/h3>\n<p style=\"padding-left: 80px;\">\n<ul>\n<li>Rappel, vous pouvez signaler un probl\u00e8me concernant les am\u00e9nagements cyclables sous:<\/li>\n<\/ul>\n<p style=\"padding-left: 80px;\"><a href=\"https:\/\/cadr67.fr\/signalerunprobleme\/\" target=\"_blank\" rel=\"noopener\">https:\/\/cadr67.fr\/signalerunprobleme\/<\/a><\/p>\n","protected":false},"excerpt":{"rendered":"<p>Strasbourg Eurom\u00e9tropole: Rappel, vous pouvez signaler un probl\u00e8me concernant les am\u00e9nagements cyclables sous: https:\/\/cadr67.fr\/signalerunprobleme\/<\/p>\n","protected":false},"author":4,"featured_media":34022,"comment_status":"closed","ping_status":"open","sticky":false,"template":"","format":"standard","meta":{"footnotes":""},"categories":[39],"tags":[],"class_list":["post-34019","post","type-post","status-publish","format-standard","has-post-thumbnail","hentry","category-transport"],"publishpress_future_action":{"enabled":false,"date":"2026-05-06 23:09:20","action":"category","newStatus":"draft","terms":[],"taxonomy":"category","extraData":[]},"publishpress_future_workflow_manual_trigger":{"enabledWorkflows":[]},"_links":{"self":[{"href":"https:\/\/www.ce-illkirch.fr\/wordpress\/wp-json\/wp\/v2\/posts\/34019","targetHints":{"allow":["GET"]}}],"collection":[{"href":"https:\/\/www.ce-illkirch.fr\/wordpress\/wp-json\/wp\/v2\/posts"}],"about":[{"href":"https:\/\/www.ce-illkirch.fr\/wordpress\/wp-json\/wp\/v2\/types\/post"}],"author":[{"embeddable":true,"href":"https:\/\/www.ce-illkirch.fr\/wordpress\/wp-json\/wp\/v2\/users\/4"}],"replies":[{"embeddable":true,"href":"https:\/\/www.ce-illkirch.fr\/wordpress\/wp-json\/wp\/v2\/comments?post=34019"}],"version-history":[{"count":7,"href":"https:\/\/www.ce-illkirch.fr\/wordpress\/wp-json\/wp\/v2\/posts\/34019\/revisions"}],"predecessor-version":[{"id":37677,"href":"https:\/\/www.ce-illkirch.fr\/wordpress\/wp-json\/wp\/v2\/posts\/34019\/revisions\/37677"}],"wp:featuredmedia":[{"embeddable":true,"href":"https:\/\/www.ce-illkirch.fr\/wordpress\/wp-json\/wp\/v2\/media\/34022"}],"wp:attachment":[{"href":"https:\/\/www.ce-illkirch.fr\/wordpress\/wp-json\/wp\/v2\/media?parent=34019"}],"wp:term":[{"taxonomy":"category","embeddable":true,"href":"https:\/\/www.ce-illkirch.fr\/wordpress\/wp-json\/wp\/v2\/categories?post=34019"},{"taxonomy":"post_tag","embeddable":true,"href":"https:\/\/www.ce-illkirch.fr\/wordpress\/wp-json\/wp\/v2\/tags?post=34019"}],"curies":[{"name":"wp","href":"https:\/\/api.w.org\/{rel}","templated":true}]}}