{"id":34227,"date":"2025-11-27T09:05:00","date_gmt":"2025-11-27T08:05:00","guid":{"rendered":"https:\/\/www.ce-illkirch.fr\/wordpress\/?p=34227"},"modified":"2025-12-08T14:22:21","modified_gmt":"2025-12-08T13:22:21","slug":"challenge-badminton","status":"publish","type":"post","link":"https:\/\/www.ce-illkirch.fr\/wordpress\/2025\/11\/scabsi\/challenge-badminton\/","title":{"rendered":"Challenge Badminton 9\/12"},"content":{"rendered":"<p>Le\u00a0<strong>Comit\u00e9 D\u00e9partemental\u00a0de Sport Entreprise\u00a0du Bas Rhin <\/strong>\u00a0a le plaisir de vous inviter au onzi\u00e8me challenge des Lauriers du sport 2025 qui sera le\u00a0 :\u00a0<strong>Badminton<\/strong><\/p>\n<p>ce challenge se d\u00e9roulera \u00e0 la<strong>\u00a0<\/strong><strong>Salle Twinger, Strasbourg Koenigshoffen<\/strong><\/p>\n<p>le\u00a0<strong>mardi 9 d\u00e9cembre 2025 \u00e0\u00a0<\/strong>&#x23f0;\u00a0<strong>17h30<\/strong>.<\/p>\n<p>&nbsp;<\/p>\n<p><strong><u>Quelles sont les conditions de participation\u00a0?<\/u><\/strong><\/p>\n<ul>\n<li><strong>Niveau<\/strong><\/li>\n<\/ul>\n<p>Le challenge est ouvert \u00e0 tous sans condition de niveau.<\/p>\n<p>Les \u00e9quipes doivent \u00eatre constitu\u00e9es de 2 joueurs.<\/p>\n<ul>\n<li><strong>Tarif\u00a0<\/strong><\/li>\n<\/ul>\n<p>Co\u00fbt de l\u2019inscription\u00a0:\u00a0<strong>15<\/strong>\u20ac \/ personne+ 10\u20ac\/participant non licenci\u00e9 FFSE. <strong>Subvention commission loisirs 50%<\/strong><\/p>\n<p>L&rsquo;inscription comporte un sandwich et une boisson par participant.<\/p>\n<ul>\n<li><strong>Inscription au CSE<\/strong><\/li>\n<\/ul>\n<p>32 \u00e9quipes maximum, ne tardez pas !<br \/>\n2 \u00e9quipes par entreprise, le reste sur liste d&rsquo;attente<\/p>\n<p>Date limite d\u2019inscription\u00a0:\u00a0 \u00a0 \u00a0 \u00a0 \u00a0 \u00a0 \u00a0\u00a0<strong>Vendredi 5 d\u00e9cembre\u00a02025<\/strong><\/p>\n<ul>\n<li><strong>Organisation du challenge<\/strong><\/li>\n<\/ul>\n<p>Apr\u00e8s des matchs de poule, des matchs de classements seront r\u00e9alis\u00e9s.<\/p>\n<p>Rendez-vous \u00e0 la salle Twinger rue Ovide \u00e0 Koenigshoffen ( le parking est situ\u00e9 \u00e0 l&rsquo;arri\u00e8re de la salle),\u00a0le mardi 9 d\u00e9cembre\u00a02025.<\/p>\n<ul>\n<li>17h30\u00a0 \u00a0 \u00a0 \u00a0 \u00a0 \u00a0 \u00a0\u00a0Accueil des \u00e9quipes<\/li>\n<li>17h45\u00a0 \u00a0 \u00a0 \u00a0 \u00a0 \u00a0 \u00a0 Tournoi<\/li>\n<li>21h45\u00a0 \u00a0 \u00a0 \u00a0 \u00a0 \u00a0 \u00a0 Remise des prix et verre de l\u2019amiti\u00e9<\/li>\n<li><strong>Tournoi ouvert aux adh\u00e9rents FFSE<\/strong><\/li>\n<\/ul>\n<p>Les\u00a0Lauriers\u00a0du Sport sont ouverts aux adh\u00e9rents du Comit\u00e9 du Bas Rhin FFSE. Pour cela, il faut \u00eatre titulaire soit d\u2019une licence FFSE (30\u20ac), soit d\u2019une cotisation annuelle au comit\u00e9 du Bas Rhin (10\u20ac).<\/p>\n<p><em>Note\u00a0: pour les personnes n\u2019ayant pas de licence FFSE ou de cotisation\u00a0<\/em><em>CDSE67,\u00a0<\/em><em>renseigner les dates de naissance dans le fichier d&rsquo;inscription<\/em><em>.<\/em><\/p>\n","protected":false},"excerpt":{"rendered":"<p>Le\u00a0Comit\u00e9 D\u00e9partemental\u00a0de Sport Entreprise\u00a0du Bas Rhin \u00a0a le plaisir de vous inviter au onzi\u00e8me challenge des Lauriers du sport 2025 qui sera le\u00a0 :\u00a0Badminton ce challenge se d\u00e9roulera \u00e0 la\u00a0Salle [&hellip;]<\/p>\n","protected":false},"author":2,"featured_media":38430,"comment_status":"closed","ping_status":"open","sticky":false,"template":"","format":"standard","meta":{"footnotes":""},"categories":[29,54],"tags":[],"class_list":["post-34227","post","type-post","status-publish","format-standard","has-post-thumbnail","hentry","category-scabsi","category-scabsi-badminton"],"publishpress_future_action":{"enabled":false,"date":"2026-05-07 01:47:19","action":"category","newStatus":"draft","terms":[],"taxonomy":"category","extraData":[]},"publishpress_future_workflow_manual_trigger":{"enabledWorkflows":[]},"_links":{"self":[{"href":"https:\/\/www.ce-illkirch.fr\/wordpress\/wp-json\/wp\/v2\/posts\/34227","targetHints":{"allow":["GET"]}}],"collection":[{"href":"https:\/\/www.ce-illkirch.fr\/wordpress\/wp-json\/wp\/v2\/posts"}],"about":[{"href":"https:\/\/www.ce-illkirch.fr\/wordpress\/wp-json\/wp\/v2\/types\/post"}],"author":[{"embeddable":true,"href":"https:\/\/www.ce-illkirch.fr\/wordpress\/wp-json\/wp\/v2\/users\/2"}],"replies":[{"embeddable":true,"href":"https:\/\/www.ce-illkirch.fr\/wordpress\/wp-json\/wp\/v2\/comments?post=34227"}],"version-history":[{"count":5,"href":"https:\/\/www.ce-illkirch.fr\/wordpress\/wp-json\/wp\/v2\/posts\/34227\/revisions"}],"predecessor-version":[{"id":38517,"href":"https:\/\/www.ce-illkirch.fr\/wordpress\/wp-json\/wp\/v2\/posts\/34227\/revisions\/38517"}],"wp:featuredmedia":[{"embeddable":true,"href":"https:\/\/www.ce-illkirch.fr\/wordpress\/wp-json\/wp\/v2\/media\/38430"}],"wp:attachment":[{"href":"https:\/\/www.ce-illkirch.fr\/wordpress\/wp-json\/wp\/v2\/media?parent=34227"}],"wp:term":[{"taxonomy":"category","embeddable":true,"href":"https:\/\/www.ce-illkirch.fr\/wordpress\/wp-json\/wp\/v2\/categories?post=34227"},{"taxonomy":"post_tag","embeddable":true,"href":"https:\/\/www.ce-illkirch.fr\/wordpress\/wp-json\/wp\/v2\/tags?post=34227"}],"curies":[{"name":"wp","href":"https:\/\/api.w.org\/{rel}","templated":true}]}}