{"id":34310,"date":"2023-12-06T09:39:59","date_gmt":"2023-12-06T08:39:59","guid":{"rendered":"https:\/\/www.ce-illkirch.fr\/wordpress\/?p=34310"},"modified":"2023-12-06T09:40:10","modified_gmt":"2023-12-06T08:40:10","slug":"cyclistes-brillez","status":"publish","type":"post","link":"https:\/\/www.ce-illkirch.fr\/wordpress\/2023\/12\/ecologie\/cyclistes-brillez\/","title":{"rendered":"Cyclistes, brillez !"},"content":{"rendered":"<p>Comment choisir son \u00e9clairage v\u00e9lo ? &#x1f4a1;<\/p>\n<p>Un bon \u00e9clairage est essentiel pour bien voir et \u00eatre vu. C\u2019est pourquoi la FUB, en partenariat avec l&rsquo;IUT g\u00e9nie \u00e9lectrique et informatique de l\u2019universit\u00e9 de Soissons, r\u00e9alise chaque ann\u00e9e des tests sur les \u00e9clairages v\u00e9lo. L\u2019objectif : proposer le meilleur rapport qualit\u00e9\/prix \u00e0 tous les cyclistes, en fonction de leur pratique !<\/p>\n<p>&nbsp;<\/p>\n<p>&#x1f449;R\u00e9sultats des tests \u00e9clairages 2023 : <a href=\"https:\/\/www.fub.fr\/tests-eclairages\">https:\/\/www.fub.fr\/tests-eclairages<\/a><\/p>\n<p>&#x1f449;Tous les d\u00e9tails de la campagne : <a href=\"https:\/\/www.fub.fr\/fub\/actualites\/campagne-cyclistes-brillez-2023\">https:\/\/www.fub.fr\/fub\/actualites\/campagne-cyclistes-brillez-2023<\/a><a href=\"https:\/\/www.ce-illkirch.fr\/wordpress\/wp-content\/uploads\/2023\/12\/ad1147ab-daef-46e9-b42e-72a8cf76ef71-1.pdf\">ad1147ab-daef-46e9-b42e-72a8cf76ef71 (1)<\/a><\/p>\n<p>&nbsp;<\/p>\n","protected":false},"excerpt":{"rendered":"<p>Comment choisir son \u00e9clairage v\u00e9lo ? &#x1f4a1; Un bon \u00e9clairage est essentiel pour bien voir et \u00eatre vu. C\u2019est pourquoi la FUB, en partenariat avec l&rsquo;IUT g\u00e9nie \u00e9lectrique et informatique [&hellip;]<\/p>\n","protected":false},"author":2,"featured_media":34312,"comment_status":"closed","ping_status":"open","sticky":false,"template":"","format":"standard","meta":{"footnotes":""},"categories":[10,39],"tags":[],"class_list":["post-34310","post","type-post","status-publish","format-standard","has-post-thumbnail","hentry","category-ecologie","category-transport"],"publishpress_future_action":{"enabled":false,"date":"2026-05-07 01:57:06","action":"category","newStatus":"draft","terms":[],"taxonomy":"category","extraData":[]},"publishpress_future_workflow_manual_trigger":{"enabledWorkflows":[]},"_links":{"self":[{"href":"https:\/\/www.ce-illkirch.fr\/wordpress\/wp-json\/wp\/v2\/posts\/34310","targetHints":{"allow":["GET"]}}],"collection":[{"href":"https:\/\/www.ce-illkirch.fr\/wordpress\/wp-json\/wp\/v2\/posts"}],"about":[{"href":"https:\/\/www.ce-illkirch.fr\/wordpress\/wp-json\/wp\/v2\/types\/post"}],"author":[{"embeddable":true,"href":"https:\/\/www.ce-illkirch.fr\/wordpress\/wp-json\/wp\/v2\/users\/2"}],"replies":[{"embeddable":true,"href":"https:\/\/www.ce-illkirch.fr\/wordpress\/wp-json\/wp\/v2\/comments?post=34310"}],"version-history":[{"count":2,"href":"https:\/\/www.ce-illkirch.fr\/wordpress\/wp-json\/wp\/v2\/posts\/34310\/revisions"}],"predecessor-version":[{"id":34314,"href":"https:\/\/www.ce-illkirch.fr\/wordpress\/wp-json\/wp\/v2\/posts\/34310\/revisions\/34314"}],"wp:featuredmedia":[{"embeddable":true,"href":"https:\/\/www.ce-illkirch.fr\/wordpress\/wp-json\/wp\/v2\/media\/34312"}],"wp:attachment":[{"href":"https:\/\/www.ce-illkirch.fr\/wordpress\/wp-json\/wp\/v2\/media?parent=34310"}],"wp:term":[{"taxonomy":"category","embeddable":true,"href":"https:\/\/www.ce-illkirch.fr\/wordpress\/wp-json\/wp\/v2\/categories?post=34310"},{"taxonomy":"post_tag","embeddable":true,"href":"https:\/\/www.ce-illkirch.fr\/wordpress\/wp-json\/wp\/v2\/tags?post=34310"}],"curies":[{"name":"wp","href":"https:\/\/api.w.org\/{rel}","templated":true}]}}