{"id":34329,"date":"2023-12-07T15:13:46","date_gmt":"2023-12-07T14:13:46","guid":{"rendered":"https:\/\/www.ce-illkirch.fr\/wordpress\/?p=34329"},"modified":"2025-06-19T14:49:19","modified_gmt":"2025-06-19T12:49:19","slug":"eco-manifestations","status":"publish","type":"post","link":"https:\/\/www.ce-illkirch.fr\/wordpress\/2023\/12\/ecologie\/eco-manifestations\/","title":{"rendered":"Eco-Manifestations"},"content":{"rendered":"<p>En partenariat avec l\u2019Eurom\u00e9tropole de Strasbourg, l\u2019association Eco-Manifestations Alsace vous propose 3 modules de formation sur des th\u00e9matiques diff\u00e9rentes pour vous aider \u00e0 organiser un \u00e9v\u00e9nement \u00e9co-responsable.<\/p>\n<p>Ces formations sont gratuites et se d\u00e9rouleront en ligne :<\/p>\n<ul>\n<li>jeudi 7 d\u00e9cembre 2023 \u00e0 18h30 : module Mobilit\u00e9<\/li>\n<li>jeudi 14 d\u00e9cembre 2023 \u00e0 18h30 : module Alimentation<\/li>\n<li>mercredi 20 d\u00e9cembre 2023 \u00e0 18h30 : module Communication<\/li>\n<\/ul>\n<p>Merci de bien vouloir vous inscrire au pr\u00e9alable, en cliquant sur le lien d\u2019inscription ci-dessous :<\/p>\n<p>https:\/\/framaforms.org\/reunion-dinformation-mobilite-alimentation-communication-responsable-1697804114<\/p>\n","protected":false},"excerpt":{"rendered":"<p>En partenariat avec l\u2019Eurom\u00e9tropole de Strasbourg, l\u2019association Eco-Manifestations Alsace vous propose 3 modules de formation sur des th\u00e9matiques diff\u00e9rentes pour vous aider \u00e0 organiser un \u00e9v\u00e9nement \u00e9co-responsable. Ces formations sont [&hellip;]<\/p>\n","protected":false},"author":2,"featured_media":34330,"comment_status":"closed","ping_status":"open","sticky":false,"template":"","format":"standard","meta":{"footnotes":""},"categories":[10,12,39],"tags":[],"class_list":["post-34329","post","type-post","status-publish","format-standard","has-post-thumbnail","hentry","category-ecologie","category-formation","category-transport"],"publishpress_future_action":{"enabled":false,"date":"2026-05-07 13:55:48","action":"category","newStatus":"draft","terms":[],"taxonomy":"category","extraData":[]},"publishpress_future_workflow_manual_trigger":{"enabledWorkflows":[]},"_links":{"self":[{"href":"https:\/\/www.ce-illkirch.fr\/wordpress\/wp-json\/wp\/v2\/posts\/34329","targetHints":{"allow":["GET"]}}],"collection":[{"href":"https:\/\/www.ce-illkirch.fr\/wordpress\/wp-json\/wp\/v2\/posts"}],"about":[{"href":"https:\/\/www.ce-illkirch.fr\/wordpress\/wp-json\/wp\/v2\/types\/post"}],"author":[{"embeddable":true,"href":"https:\/\/www.ce-illkirch.fr\/wordpress\/wp-json\/wp\/v2\/users\/2"}],"replies":[{"embeddable":true,"href":"https:\/\/www.ce-illkirch.fr\/wordpress\/wp-json\/wp\/v2\/comments?post=34329"}],"version-history":[{"count":2,"href":"https:\/\/www.ce-illkirch.fr\/wordpress\/wp-json\/wp\/v2\/posts\/34329\/revisions"}],"predecessor-version":[{"id":37666,"href":"https:\/\/www.ce-illkirch.fr\/wordpress\/wp-json\/wp\/v2\/posts\/34329\/revisions\/37666"}],"wp:featuredmedia":[{"embeddable":true,"href":"https:\/\/www.ce-illkirch.fr\/wordpress\/wp-json\/wp\/v2\/media\/34330"}],"wp:attachment":[{"href":"https:\/\/www.ce-illkirch.fr\/wordpress\/wp-json\/wp\/v2\/media?parent=34329"}],"wp:term":[{"taxonomy":"category","embeddable":true,"href":"https:\/\/www.ce-illkirch.fr\/wordpress\/wp-json\/wp\/v2\/categories?post=34329"},{"taxonomy":"post_tag","embeddable":true,"href":"https:\/\/www.ce-illkirch.fr\/wordpress\/wp-json\/wp\/v2\/tags?post=34329"}],"curies":[{"name":"wp","href":"https:\/\/api.w.org\/{rel}","templated":true}]}}