{"id":34513,"date":"2024-01-16T10:27:04","date_gmt":"2024-01-16T09:27:04","guid":{"rendered":"https:\/\/www.ce-illkirch.fr\/wordpress\/?p=34513"},"modified":"2024-02-14T17:42:58","modified_gmt":"2024-02-14T16:42:58","slug":"djamil-le-schlag-stand-up-7-fevrier","status":"publish","type":"post","link":"https:\/\/www.ce-illkirch.fr\/wordpress\/2024\/01\/loisirs\/djamil-le-schlag-stand-up-7-fevrier\/","title":{"rendered":"Djamil Le Shlag &#8211; Stand Up 7 f\u00e9vrier"},"content":{"rendered":"<p>La commission \u00ab\u00a0Loisirs\u00a0\u00bb vous propose une sortie \u00e0 La Sc\u00e8ne de Strasbourg (la salle de culture d\u00e9di\u00e9e \u00e0 l\u2019humour dans le quartier de la Meinau) pour le spectacle de stand up de Djamil Le Schlag le mercredi 7 f\u00e9vrier \u00e0 partir de 20h (dur\u00e9e du spectacle: 1h).<\/p>\n<p>Apr\u00e8s 3 saisons de chroniques sur Radio Nova, et un passage remarqu\u00e9 au Jamel Comedy Club sur Canal Plus, Djamil Le Shlag, plus aff\u00fbt\u00e9 que jamais, propose son spectacle plus proche du match de boxe que du stand-up, Le Shlag part \u00e0 la conqu\u00eate du titre de plus gros punchliner. Pour son premier round chez les pros, il n&rsquo;a qu&rsquo;un objectif : le KO. Ses armes ? Une \u00e9nergie et un phras\u00e9 unique qui vous pousseront dans les cordes pendant 60 minutes.<\/p>\n<p>Ouverture des portes : 19H<br \/>\nSpectacle \u00e0 20H (dur\u00e9e 1h)<\/p>\n<p>Prix (subventionn\u00e9): 16\u20ac<\/p>\n<p>Inscriptions au CSE aupr\u00e8s de C\u00e9line ou Wanita avant le 24 janvier (nombre de places limit\u00e9es).<\/p>\n<p>Un exemple de l&rsquo;univers de l&rsquo;humoriste: <a href=\"https:\/\/www.youtube.com\/watch?v=SD5GdvUt82M\">https:\/\/www.youtube.com\/watch?v=SD5GdvUt82M<\/a><\/p>\n","protected":false},"excerpt":{"rendered":"<p>La commission \u00ab\u00a0Loisirs\u00a0\u00bb vous propose une sortie \u00e0 La Sc\u00e8ne de Strasbourg (la salle de culture d\u00e9di\u00e9e \u00e0 l\u2019humour dans le quartier de la Meinau) pour le spectacle de stand [&hellip;]<\/p>\n","protected":false},"author":12,"featured_media":34517,"comment_status":"closed","ping_status":"open","sticky":false,"template":"","format":"standard","meta":{"footnotes":""},"categories":[16,18],"tags":[],"class_list":["post-34513","post","type-post","status-publish","format-standard","has-post-thumbnail","hentry","category-loisirs","category-loisirs-sorties"],"publishpress_future_action":{"enabled":false,"date":"2026-05-07 06:09:23","action":"category","newStatus":"draft","terms":[],"taxonomy":"category","extraData":[]},"publishpress_future_workflow_manual_trigger":{"enabledWorkflows":[]},"_links":{"self":[{"href":"https:\/\/www.ce-illkirch.fr\/wordpress\/wp-json\/wp\/v2\/posts\/34513","targetHints":{"allow":["GET"]}}],"collection":[{"href":"https:\/\/www.ce-illkirch.fr\/wordpress\/wp-json\/wp\/v2\/posts"}],"about":[{"href":"https:\/\/www.ce-illkirch.fr\/wordpress\/wp-json\/wp\/v2\/types\/post"}],"author":[{"embeddable":true,"href":"https:\/\/www.ce-illkirch.fr\/wordpress\/wp-json\/wp\/v2\/users\/12"}],"replies":[{"embeddable":true,"href":"https:\/\/www.ce-illkirch.fr\/wordpress\/wp-json\/wp\/v2\/comments?post=34513"}],"version-history":[{"count":6,"href":"https:\/\/www.ce-illkirch.fr\/wordpress\/wp-json\/wp\/v2\/posts\/34513\/revisions"}],"predecessor-version":[{"id":34540,"href":"https:\/\/www.ce-illkirch.fr\/wordpress\/wp-json\/wp\/v2\/posts\/34513\/revisions\/34540"}],"wp:featuredmedia":[{"embeddable":true,"href":"https:\/\/www.ce-illkirch.fr\/wordpress\/wp-json\/wp\/v2\/media\/34517"}],"wp:attachment":[{"href":"https:\/\/www.ce-illkirch.fr\/wordpress\/wp-json\/wp\/v2\/media?parent=34513"}],"wp:term":[{"taxonomy":"category","embeddable":true,"href":"https:\/\/www.ce-illkirch.fr\/wordpress\/wp-json\/wp\/v2\/categories?post=34513"},{"taxonomy":"post_tag","embeddable":true,"href":"https:\/\/www.ce-illkirch.fr\/wordpress\/wp-json\/wp\/v2\/tags?post=34513"}],"curies":[{"name":"wp","href":"https:\/\/api.w.org\/{rel}","templated":true}]}}