{"id":34548,"date":"2024-02-15T09:08:14","date_gmt":"2024-02-15T08:08:14","guid":{"rendered":"https:\/\/www.ce-illkirch.fr\/wordpress\/?p=34548"},"modified":"2024-10-17T16:33:25","modified_gmt":"2024-10-17T14:33:25","slug":"bulle-rainbow-green","status":"publish","type":"post","link":"https:\/\/www.ce-illkirch.fr\/wordpress\/2024\/02\/ecologie\/bulle-rainbow-green\/","title":{"rendered":"Nettoyage de Printemps 4\/04"},"content":{"rendered":"<p>Chers acteurs du Parc d\u2019Innovation,<\/p>\n<p>Rendez-vous le <strong>jeudi 4 avril 2024<\/strong> de 11h30 \u00e0 13h30 pour le nettoyage de printemps du Parc d\u2019Innovation<\/p>\n<p><strong>Organis\u00e9 par le Parc d\u2019Innovation \u2013 en partenariat avec la ville d\u2019Illkirch-Graffenstaden\u00a0 <\/strong><\/p>\n<p>Entreprises, unit\u00e9s de recherche, \u00e9coles et universit\u00e9s, venez collectivement prendre soin de votre Parc d\u2019Innovation lors du traditionnel Osterputz de la ville d\u2019Illkirch-Graffenstaden<\/p>\n<p><em><strong>Nous vous remercions de bien vouloir vous inscrire par retour de m\u00e9l, <\/strong><\/em>afin d\u2019estimer le nombre de participants et former les groupes de collecte : <em><strong><a href=\"mailto:m.pfeiffer@sers.eu\">m.pfeiffer@sers.eu<\/a> <\/strong><\/em><\/p>\n<p>&nbsp;<\/p>\n<p>Si vous \u00eates sensibles aux sujets relatifs \u00e0 l\u2019\u00e9cologie, prenez le temps de rejoindre la bulle Rainbow Green Illkirch.<img loading=\"lazy\" decoding=\"async\" class=\"size-full wp-image-34550 alignright\" src=\"https:\/\/www.ce-illkirch.fr\/wordpress\/wp-content\/uploads\/2024\/01\/roi_green.png\" alt=\"\" width=\"295\" height=\"282\" srcset=\"https:\/\/www.ce-illkirch.fr\/wordpress\/wp-content\/uploads\/2024\/01\/roi_green.png 295w, https:\/\/www.ce-illkirch.fr\/wordpress\/wp-content\/uploads\/2024\/01\/roi_green-110x105.png 110w\" sizes=\"auto, (max-width: 295px) 100vw, 295px\" \/><\/p>\n<p>Vous y trouverez des informations structurantes comme des \u00e9v\u00e8nements dans la r\u00e9gion, des d\u00e9fis lanc\u00e9s par des organismes ou encore les dates des balades anti-d\u00e9chets organis\u00e9es autour du site ; <strong>La prochaine : jeudi 15\/02 \u00e0 13h<\/strong><\/p>\n<p>La bulle permet aussi \u00e0 tout le monde de pouvoir partager de mani\u00e8re informelle \u00e0 propos de l\u2019\u00e9cologie sur les sujets d\u2019actualit\u00e9s par exemple.<\/p>\n<p>Si vous souhaitez rejoindre le groupe, contactez l\u2019un des administrateurs.<\/p>\n<p>&nbsp;<\/p>\n<p>&nbsp;<\/p>\n<p>&nbsp;<\/p>\n<p>&nbsp;<\/p>\n","protected":false},"excerpt":{"rendered":"<p>Chers acteurs du Parc d\u2019Innovation, Rendez-vous le jeudi 4 avril 2024 de 11h30 \u00e0 13h30 pour le nettoyage de printemps du Parc d\u2019Innovation Organis\u00e9 par le Parc d\u2019Innovation \u2013 en [&hellip;]<\/p>\n","protected":false},"author":2,"featured_media":34685,"comment_status":"closed","ping_status":"open","sticky":false,"template":"","format":"standard","meta":{"footnotes":""},"categories":[10],"tags":[],"class_list":["post-34548","post","type-post","status-publish","format-standard","has-post-thumbnail","hentry","category-ecologie"],"publishpress_future_action":{"enabled":false,"date":"2026-05-07 01:56:21","action":"category","newStatus":"draft","terms":[],"taxonomy":"category","extraData":[]},"publishpress_future_workflow_manual_trigger":{"enabledWorkflows":[]},"_links":{"self":[{"href":"https:\/\/www.ce-illkirch.fr\/wordpress\/wp-json\/wp\/v2\/posts\/34548","targetHints":{"allow":["GET"]}}],"collection":[{"href":"https:\/\/www.ce-illkirch.fr\/wordpress\/wp-json\/wp\/v2\/posts"}],"about":[{"href":"https:\/\/www.ce-illkirch.fr\/wordpress\/wp-json\/wp\/v2\/types\/post"}],"author":[{"embeddable":true,"href":"https:\/\/www.ce-illkirch.fr\/wordpress\/wp-json\/wp\/v2\/users\/2"}],"replies":[{"embeddable":true,"href":"https:\/\/www.ce-illkirch.fr\/wordpress\/wp-json\/wp\/v2\/comments?post=34548"}],"version-history":[{"count":7,"href":"https:\/\/www.ce-illkirch.fr\/wordpress\/wp-json\/wp\/v2\/posts\/34548\/revisions"}],"predecessor-version":[{"id":34687,"href":"https:\/\/www.ce-illkirch.fr\/wordpress\/wp-json\/wp\/v2\/posts\/34548\/revisions\/34687"}],"wp:featuredmedia":[{"embeddable":true,"href":"https:\/\/www.ce-illkirch.fr\/wordpress\/wp-json\/wp\/v2\/media\/34685"}],"wp:attachment":[{"href":"https:\/\/www.ce-illkirch.fr\/wordpress\/wp-json\/wp\/v2\/media?parent=34548"}],"wp:term":[{"taxonomy":"category","embeddable":true,"href":"https:\/\/www.ce-illkirch.fr\/wordpress\/wp-json\/wp\/v2\/categories?post=34548"},{"taxonomy":"post_tag","embeddable":true,"href":"https:\/\/www.ce-illkirch.fr\/wordpress\/wp-json\/wp\/v2\/tags?post=34548"}],"curies":[{"name":"wp","href":"https:\/\/api.w.org\/{rel}","templated":true}]}}