{"id":34782,"date":"2025-06-02T15:44:34","date_gmt":"2025-06-02T13:44:34","guid":{"rendered":"https:\/\/www.ce-illkirch.fr\/wordpress\/?p=34782"},"modified":"2025-06-05T10:29:37","modified_gmt":"2025-06-05T08:29:37","slug":"ag-asali-club-sportif-ale","status":"publish","type":"post","link":"https:\/\/www.ce-illkirch.fr\/wordpress\/2025\/06\/scabsi\/ag-asali-club-sportif-ale\/","title":{"rendered":"AG ASALI club sportif ALE 04\/06"},"content":{"rendered":"<p><strong>AG ASALI : Club sportif ALE mercredi 4\/06\/25 \u00e0 16h<\/strong><\/p>\n<p><strong>INVITATION A L\u2019ASSEMBLEE GENERALE ORDINAIRE <\/strong><\/p>\n<p>L\u2019assembl\u00e9e g\u00e9n\u00e9rale ordinaire de notre association est convoqu\u00e9e pour le 04 Juin 2025 \u00e0 16h via Rainbow : bulle AG Asali ou en salle Reliability-Weil.<\/p>\n<p><u><a href=\"https:\/\/meet.openrainbow.com\/0e57d955260b40c98407068cc21bca28\">https:\/\/meet.openrainbow.com\/0e57d955260b40c98407068cc21bca28<\/a><\/u><\/p>\n<p><strong>Tous les salari\u00e9s sont invit\u00e9s.<\/strong><\/p>\n<p>Ordre du jour :<\/p>\n<p>\u2013 Rapport d\u2019activit\u00e9s.<\/p>\n<p>\u2013 Renouvellement de comit\u00e9, appel \u00e0 candidature pour \u00e9toffer notre comit\u00e9 ou animer de nouvelles activit\u00e9s sportives.<\/p>\n<p>Qui peut si\u00e9ger au comit\u00e9 ? Tous les employ\u00e9s d\u2019ALE Illkirch. Notre comit\u00e9 se r\u00e9unit une fois par trimestre pour proposer ou organiser des activit\u00e9s sportives \u00e0 venir. Vos candidatures devront parvenir au pr\u00e9sident ou chez C\u00e9line au CSE avant la date du 1<sup>er<\/sup> Juin.<\/p>\n<p>\u2013 Bilan financier de l\u2019ann\u00e9e 2024, par la tr\u00e9sori\u00e8re.<\/p>\n<p>\u2013 Budget 2025 par section<\/p>\n<p>\u2013 Demande de Budget au CSE, en cours.<\/p>\n<p>\u2013 Projets ASALI, par section, animations, galettes des rois,&#8230;.<\/p>\n<p>Aujourd\u2019hui les activit\u00e9s pr\u00e9sentes sont nombreuses, parmi l\u2019athl\u00e9tisme, le badminton, le basket, le foot loisir, le golf, la gym, la montagne-escalade, la marche nordique, le ski nordique, le tennis, le tennis de table, le triathlon, les \u00e9checs, le VTT et le cyclisme\u2026, vous trouverez une activit\u00e9 pour vous d\u00e9penser et vivre un moment sympathique entre coll\u00e8gues.<\/p>\n<p>Pour ASALI, le pr\u00e9sident <strong>Francois MEYER<\/strong><\/p>\n","protected":false},"excerpt":{"rendered":"<p>AG ASALI : Club sportif ALE mercredi 4\/06\/25 \u00e0 16h INVITATION A L\u2019ASSEMBLEE GENERALE ORDINAIRE L\u2019assembl\u00e9e g\u00e9n\u00e9rale ordinaire de notre association est convoqu\u00e9e pour le 04 Juin 2025 \u00e0 16h [&hellip;]<\/p>\n","protected":false},"author":2,"featured_media":34783,"comment_status":"closed","ping_status":"open","sticky":false,"template":"","format":"standard","meta":{"footnotes":""},"categories":[45,110,120,29,54,55,30,34],"tags":[],"class_list":["post-34782","post","type-post","status-publish","format-standard","has-post-thumbnail","hentry","category-athle","category-echecs","category-scabsi-foot","category-scabsi","category-scabsi-badminton","category-scabsi-gym","category-scabsi-velo","category-tennis-de-table"],"publishpress_future_action":{"enabled":false,"date":"2026-05-07 00:22:04","action":"category","newStatus":"draft","terms":[],"taxonomy":"category","extraData":[]},"publishpress_future_workflow_manual_trigger":{"enabledWorkflows":[]},"_links":{"self":[{"href":"https:\/\/www.ce-illkirch.fr\/wordpress\/wp-json\/wp\/v2\/posts\/34782","targetHints":{"allow":["GET"]}}],"collection":[{"href":"https:\/\/www.ce-illkirch.fr\/wordpress\/wp-json\/wp\/v2\/posts"}],"about":[{"href":"https:\/\/www.ce-illkirch.fr\/wordpress\/wp-json\/wp\/v2\/types\/post"}],"author":[{"embeddable":true,"href":"https:\/\/www.ce-illkirch.fr\/wordpress\/wp-json\/wp\/v2\/users\/2"}],"replies":[{"embeddable":true,"href":"https:\/\/www.ce-illkirch.fr\/wordpress\/wp-json\/wp\/v2\/comments?post=34782"}],"version-history":[{"count":4,"href":"https:\/\/www.ce-illkirch.fr\/wordpress\/wp-json\/wp\/v2\/posts\/34782\/revisions"}],"predecessor-version":[{"id":37431,"href":"https:\/\/www.ce-illkirch.fr\/wordpress\/wp-json\/wp\/v2\/posts\/34782\/revisions\/37431"}],"wp:featuredmedia":[{"embeddable":true,"href":"https:\/\/www.ce-illkirch.fr\/wordpress\/wp-json\/wp\/v2\/media\/34783"}],"wp:attachment":[{"href":"https:\/\/www.ce-illkirch.fr\/wordpress\/wp-json\/wp\/v2\/media?parent=34782"}],"wp:term":[{"taxonomy":"category","embeddable":true,"href":"https:\/\/www.ce-illkirch.fr\/wordpress\/wp-json\/wp\/v2\/categories?post=34782"},{"taxonomy":"post_tag","embeddable":true,"href":"https:\/\/www.ce-illkirch.fr\/wordpress\/wp-json\/wp\/v2\/tags?post=34782"}],"curies":[{"name":"wp","href":"https:\/\/api.w.org\/{rel}","templated":true}]}}