{"id":35243,"date":"2025-09-24T10:02:01","date_gmt":"2025-09-24T08:02:01","guid":{"rendered":"https:\/\/www.ce-illkirch.fr\/wordpress\/?p=35243"},"modified":"2025-09-29T11:25:00","modified_gmt":"2025-09-29T09:25:00","slug":"challenge-au-boulot-a-velo-06-2024","status":"publish","type":"post","link":"https:\/\/www.ce-illkirch.fr\/wordpress\/2025\/09\/billet\/challenge-au-boulot-a-velo-06-2024\/","title":{"rendered":"Go\u00fbtons la victoire  le 26\/09"},"content":{"rendered":"<h1>F\u00eatons la victoire, ensemble autour d&rsquo;un pot au CSE<\/h1>\n<h1 style=\"text-align: center;\">le 24\/09 \u00e0 17h, le 25\/09 \u00e0 13h30 et le 26\/09 \u00e0 13h30<\/h1>\n<p>Merci de cocher votre pr\u00e9sence\u00a0sur ce <a href=\"https:\/\/framadate.org\/VVmEev6cK3P5v68M\">sondage<\/a> pour pr\u00e9voir au mieux les douceurs<\/p>\n<h1>Bravo \u00e0 tous les cyclistes qui ont enregistr\u00e9s les kms, pour nous maintenir en premi\u00e8re place !<em><strong><br \/>\n<\/strong><\/em><\/h1>\n<ul>\n<li>\n<h3><strong>Retrouvez les photos et vid\u00e9os 2025 :\u00a0 <\/strong><a href=\"https:\/\/aleinternational.sharepoint.com\/:f:\/r\/intranet_CE_Illkirch\/Documents%20partages\/Archives%20Vid%C3%A9os\/ABAV2025?csf=1&amp;web=1&amp;e=Tn5dAD\"><strong>lien<\/strong><\/a><\/h3>\n<\/li>\n<\/ul>\n<p><em><strong>Merci \u00e0 R\u00e9mi pour les photos et Morgane pour la vid\u00e9o<\/strong><\/em><\/p>\n","protected":false},"excerpt":{"rendered":"<p>F\u00eatons la victoire, ensemble autour d&rsquo;un pot au CSE le 24\/09 \u00e0 17h, le 25\/09 \u00e0 13h30 et le 26\/09 \u00e0 13h30 Merci de cocher votre pr\u00e9sence\u00a0sur ce sondage pour [&hellip;]<\/p>\n","protected":false},"author":2,"featured_media":37983,"comment_status":"closed","ping_status":"open","sticky":false,"template":"","format":"standard","meta":{"footnotes":""},"categories":[6,10,16,21,29,30,39],"tags":[],"class_list":["post-35243","post","type-post","status-publish","format-standard","has-post-thumbnail","hentry","category-billet","category-ecologie","category-loisirs","category-offres-commerciales","category-scabsi","category-scabsi-velo","category-transport"],"publishpress_future_action":{"enabled":false,"date":"2026-05-06 21:32:42","action":"category","newStatus":"draft","terms":[],"taxonomy":"category","extraData":[]},"publishpress_future_workflow_manual_trigger":{"enabledWorkflows":[]},"_links":{"self":[{"href":"https:\/\/www.ce-illkirch.fr\/wordpress\/wp-json\/wp\/v2\/posts\/35243","targetHints":{"allow":["GET"]}}],"collection":[{"href":"https:\/\/www.ce-illkirch.fr\/wordpress\/wp-json\/wp\/v2\/posts"}],"about":[{"href":"https:\/\/www.ce-illkirch.fr\/wordpress\/wp-json\/wp\/v2\/types\/post"}],"author":[{"embeddable":true,"href":"https:\/\/www.ce-illkirch.fr\/wordpress\/wp-json\/wp\/v2\/users\/2"}],"replies":[{"embeddable":true,"href":"https:\/\/www.ce-illkirch.fr\/wordpress\/wp-json\/wp\/v2\/comments?post=35243"}],"version-history":[{"count":17,"href":"https:\/\/www.ce-illkirch.fr\/wordpress\/wp-json\/wp\/v2\/posts\/35243\/revisions"}],"predecessor-version":[{"id":38089,"href":"https:\/\/www.ce-illkirch.fr\/wordpress\/wp-json\/wp\/v2\/posts\/35243\/revisions\/38089"}],"wp:featuredmedia":[{"embeddable":true,"href":"https:\/\/www.ce-illkirch.fr\/wordpress\/wp-json\/wp\/v2\/media\/37983"}],"wp:attachment":[{"href":"https:\/\/www.ce-illkirch.fr\/wordpress\/wp-json\/wp\/v2\/media?parent=35243"}],"wp:term":[{"taxonomy":"category","embeddable":true,"href":"https:\/\/www.ce-illkirch.fr\/wordpress\/wp-json\/wp\/v2\/categories?post=35243"},{"taxonomy":"post_tag","embeddable":true,"href":"https:\/\/www.ce-illkirch.fr\/wordpress\/wp-json\/wp\/v2\/tags?post=35243"}],"curies":[{"name":"wp","href":"https:\/\/api.w.org\/{rel}","templated":true}]}}