{"id":35945,"date":"2024-09-11T10:20:18","date_gmt":"2024-09-11T08:20:18","guid":{"rendered":"https:\/\/www.ce-illkirch.fr\/wordpress\/?p=35945"},"modified":"2024-10-17T15:03:26","modified_gmt":"2024-10-17T13:03:26","slug":"p2i-animation-economie-locale-3-10","status":"publish","type":"post","link":"https:\/\/www.ce-illkirch.fr\/wordpress\/2024\/09\/ecologie\/p2i-animation-economie-locale-3-10\/","title":{"rendered":"P2I Animation \u00e9conomie locale 3\/10"},"content":{"rendered":"<p>Le P2I vous propose un<strong> Afterwork du r\u00e9seau du Pacte pour une \u00e9conomie locale durable d\u00e9di\u00e9 aux \u00ab\u00a0Mobilit\u00e9s\u00a0\u00bb <\/strong><br \/>\n<strong>Le jeudi 3 octobre 2024 \u00e0 18 h\u00a0 <\/strong>\u00e0 l&rsquo;International Space University (ISU) au Parc d&rsquo;Innovation d&rsquo;Illkirch<\/p>\n<p><a href=\"https:\/\/my.weezevent.com\/afterwork-du-pacte-dedie-aux-mobilites\">Lien d&rsquo;inscription<\/a><\/p>\n","protected":false},"excerpt":{"rendered":"<p>Le P2I vous propose un Afterwork du r\u00e9seau du Pacte pour une \u00e9conomie locale durable d\u00e9di\u00e9 aux \u00ab\u00a0Mobilit\u00e9s\u00a0\u00bb Le jeudi 3 octobre 2024 \u00e0 18 h\u00a0 \u00e0 l&rsquo;International Space University [&hellip;]<\/p>\n","protected":false},"author":2,"featured_media":35946,"comment_status":"closed","ping_status":"open","sticky":false,"template":"","format":"standard","meta":{"footnotes":""},"categories":[10],"tags":[],"class_list":["post-35945","post","type-post","status-publish","format-standard","has-post-thumbnail","hentry","category-ecologie"],"publishpress_future_action":{"enabled":false,"date":"2026-05-07 00:20:12","action":"category","newStatus":"draft","terms":[],"taxonomy":"category","extraData":[]},"publishpress_future_workflow_manual_trigger":{"enabledWorkflows":[]},"_links":{"self":[{"href":"https:\/\/www.ce-illkirch.fr\/wordpress\/wp-json\/wp\/v2\/posts\/35945","targetHints":{"allow":["GET"]}}],"collection":[{"href":"https:\/\/www.ce-illkirch.fr\/wordpress\/wp-json\/wp\/v2\/posts"}],"about":[{"href":"https:\/\/www.ce-illkirch.fr\/wordpress\/wp-json\/wp\/v2\/types\/post"}],"author":[{"embeddable":true,"href":"https:\/\/www.ce-illkirch.fr\/wordpress\/wp-json\/wp\/v2\/users\/2"}],"replies":[{"embeddable":true,"href":"https:\/\/www.ce-illkirch.fr\/wordpress\/wp-json\/wp\/v2\/comments?post=35945"}],"version-history":[{"count":1,"href":"https:\/\/www.ce-illkirch.fr\/wordpress\/wp-json\/wp\/v2\/posts\/35945\/revisions"}],"predecessor-version":[{"id":35947,"href":"https:\/\/www.ce-illkirch.fr\/wordpress\/wp-json\/wp\/v2\/posts\/35945\/revisions\/35947"}],"wp:featuredmedia":[{"embeddable":true,"href":"https:\/\/www.ce-illkirch.fr\/wordpress\/wp-json\/wp\/v2\/media\/35946"}],"wp:attachment":[{"href":"https:\/\/www.ce-illkirch.fr\/wordpress\/wp-json\/wp\/v2\/media?parent=35945"}],"wp:term":[{"taxonomy":"category","embeddable":true,"href":"https:\/\/www.ce-illkirch.fr\/wordpress\/wp-json\/wp\/v2\/categories?post=35945"},{"taxonomy":"post_tag","embeddable":true,"href":"https:\/\/www.ce-illkirch.fr\/wordpress\/wp-json\/wp\/v2\/tags?post=35945"}],"curies":[{"name":"wp","href":"https:\/\/api.w.org\/{rel}","templated":true}]}}