{"id":36710,"date":"2025-04-22T11:31:39","date_gmt":"2025-04-22T09:31:39","guid":{"rendered":"https:\/\/www.ce-illkirch.fr\/wordpress\/?p=36710"},"modified":"2025-05-28T16:35:58","modified_gmt":"2025-05-28T14:35:58","slug":"concert-dutronc-t-26-06","status":"publish","type":"post","link":"https:\/\/www.ce-illkirch.fr\/wordpress\/2025\/04\/billet\/concert-dutronc-t-26-06\/","title":{"rendered":"Concert Dutronc T 26\/06"},"content":{"rendered":"<p>La commission Loisirs vous propose des billets \u00e0 tarif subventionn\u00e9 pour \u00e9couter Thomas Dutronc au festival WolfiJazz le 26\/06 (Fort Kl\u00e9ber Wolfisheim).<\/p>\n<p>Tarif 22.50 \u20ac salari\u00e9, conjoint, enfants &#8211; 18 ans, au lieu de 45\u20ac<\/p>\n<p>\u00e0 r\u00e9server au CSE avant le 23\/05.<\/p>\n","protected":false},"excerpt":{"rendered":"<p>La commission Loisirs vous propose des billets \u00e0 tarif subventionn\u00e9 pour \u00e9couter Thomas Dutronc au festival WolfiJazz le 26\/06 (Fort Kl\u00e9ber Wolfisheim). Tarif 22.50 \u20ac salari\u00e9, conjoint, enfants &#8211; 18 [&hellip;]<\/p>\n","protected":false},"author":2,"featured_media":36711,"comment_status":"closed","ping_status":"open","sticky":false,"template":"","format":"standard","meta":{"footnotes":""},"categories":[6,9,16],"tags":[],"class_list":["post-36710","post","type-post","status-publish","format-standard","has-post-thumbnail","hentry","category-billet","category-concerts","category-loisirs"],"publishpress_future_action":{"enabled":false,"date":"2026-05-07 05:07:58","action":"category","newStatus":"draft","terms":[],"taxonomy":"category","extraData":[]},"publishpress_future_workflow_manual_trigger":{"enabledWorkflows":[]},"_links":{"self":[{"href":"https:\/\/www.ce-illkirch.fr\/wordpress\/wp-json\/wp\/v2\/posts\/36710","targetHints":{"allow":["GET"]}}],"collection":[{"href":"https:\/\/www.ce-illkirch.fr\/wordpress\/wp-json\/wp\/v2\/posts"}],"about":[{"href":"https:\/\/www.ce-illkirch.fr\/wordpress\/wp-json\/wp\/v2\/types\/post"}],"author":[{"embeddable":true,"href":"https:\/\/www.ce-illkirch.fr\/wordpress\/wp-json\/wp\/v2\/users\/2"}],"replies":[{"embeddable":true,"href":"https:\/\/www.ce-illkirch.fr\/wordpress\/wp-json\/wp\/v2\/comments?post=36710"}],"version-history":[{"count":2,"href":"https:\/\/www.ce-illkirch.fr\/wordpress\/wp-json\/wp\/v2\/posts\/36710\/revisions"}],"predecessor-version":[{"id":36717,"href":"https:\/\/www.ce-illkirch.fr\/wordpress\/wp-json\/wp\/v2\/posts\/36710\/revisions\/36717"}],"wp:featuredmedia":[{"embeddable":true,"href":"https:\/\/www.ce-illkirch.fr\/wordpress\/wp-json\/wp\/v2\/media\/36711"}],"wp:attachment":[{"href":"https:\/\/www.ce-illkirch.fr\/wordpress\/wp-json\/wp\/v2\/media?parent=36710"}],"wp:term":[{"taxonomy":"category","embeddable":true,"href":"https:\/\/www.ce-illkirch.fr\/wordpress\/wp-json\/wp\/v2\/categories?post=36710"},{"taxonomy":"post_tag","embeddable":true,"href":"https:\/\/www.ce-illkirch.fr\/wordpress\/wp-json\/wp\/v2\/tags?post=36710"}],"curies":[{"name":"wp","href":"https:\/\/api.w.org\/{rel}","templated":true}]}}