{"id":37170,"date":"2025-04-15T09:52:32","date_gmt":"2025-04-15T07:52:32","guid":{"rendered":"https:\/\/www.ce-illkirch.fr\/wordpress\/?p=37170"},"modified":"2025-06-19T11:53:41","modified_gmt":"2025-06-19T09:53:41","slug":"fresque-jardins-forets-22-04","status":"publish","type":"post","link":"https:\/\/www.ce-illkirch.fr\/wordpress\/2025\/04\/formation\/fresque-jardins-forets-22-04\/","title":{"rendered":"Fresque Jardins-For\u00eats 22\/04"},"content":{"rendered":"<p>Dans le cadre de la journ\u00e9e de la Terre, nous vous proposons une<strong> Fresque des Jardins-For\u00eats<\/strong>, un\u00a0<strong>atelier ludique et collaboratif<\/strong>\u00a0pour d\u00e9couvrir et comprendre les principes des\u00a0<strong>for\u00eats comestibles<\/strong>\u00a0et leur r\u00f4le dans une agriculture plus durable.<\/p>\n<p><strong>Date<\/strong>\u00a0: Mardi 22 Avril<br \/>\n<strong>Horaire<\/strong>\u00a0: de 17h \u00e0 20h<br \/>\n<strong>Lieu<\/strong>\u00a0: Sur le site d\u2019ALE Illkirch \u2013 Salle reliability Weil (B0-R1)<\/p>\n<p><strong>Qu&rsquo;est-ce que la Fresque des Jardins-For\u00eats ?<\/strong><br \/>\nCet atelier immersif, inspir\u00e9 de la\u00a0<strong>Fresque du Climat<\/strong>, permet en\u00a0<strong>2h30<\/strong>\u00a0d\u2019explorer le fonctionnement des \u00e9cosyst\u00e8mes\u00a0<strong>agroforestiers<\/strong>\u00a0\u00e0 travers un\u00a0<strong>jeu de cartes en \u00e9quipe<\/strong>. L\u2019objectif est d\u2019\u00e9changer, de comprendre et d\u2019imaginer des solutions concr\u00e8tes pour int\u00e9grer ces principes dans nos pratiques.<\/p>\n<p>Pourquoi participer ?<br \/>\n<strong>Apprendre<\/strong>\u00a0\u00e0 concevoir un jardin-for\u00eat<br \/>\n<strong>D\u00e9couvrir<\/strong>\u00a0des solutions bas\u00e9es sur la nature<br \/>\n<strong>Repartir<\/strong>\u00a0avec des id\u00e9es concr\u00e8tes pr\u00eates \u00e0 \u00eatre appliqu\u00e9es<\/p>\n<p>Le nombre de place est limit\u00e9 \u00e0 18.<\/p>\n<p><strong>Inscription obligatoire<\/strong>\u00a0 (apr\u00e8s concertation avec votre manager)<br \/>\nLien d&rsquo;inscription\u00a0: https:\/\/xoyondo.com\/dp\/3r13fcq1bvkxacf<\/p>\n<p>N\u2019h\u00e9sitez pas \u00e0 contacter S\u00e9bastien JURAS si vous avez des questions.<\/p>\n<p>&nbsp;<\/p>\n","protected":false},"excerpt":{"rendered":"<p>Dans le cadre de la journ\u00e9e de la Terre, nous vous proposons une Fresque des Jardins-For\u00eats, un\u00a0atelier ludique et collaboratif\u00a0pour d\u00e9couvrir et comprendre les principes des\u00a0for\u00eats comestibles\u00a0et leur r\u00f4le dans [&hellip;]<\/p>\n","protected":false},"author":2,"featured_media":37171,"comment_status":"closed","ping_status":"open","sticky":false,"template":"","format":"standard","meta":{"footnotes":""},"categories":[12,32],"tags":[],"class_list":["post-37170","post","type-post","status-publish","format-standard","has-post-thumbnail","hentry","category-formation","category-site-ale"],"publishpress_future_action":{"enabled":false,"date":"2026-05-07 08:45:01","action":"category","newStatus":"draft","terms":[],"taxonomy":"category","extraData":[]},"publishpress_future_workflow_manual_trigger":{"enabledWorkflows":[]},"_links":{"self":[{"href":"https:\/\/www.ce-illkirch.fr\/wordpress\/wp-json\/wp\/v2\/posts\/37170","targetHints":{"allow":["GET"]}}],"collection":[{"href":"https:\/\/www.ce-illkirch.fr\/wordpress\/wp-json\/wp\/v2\/posts"}],"about":[{"href":"https:\/\/www.ce-illkirch.fr\/wordpress\/wp-json\/wp\/v2\/types\/post"}],"author":[{"embeddable":true,"href":"https:\/\/www.ce-illkirch.fr\/wordpress\/wp-json\/wp\/v2\/users\/2"}],"replies":[{"embeddable":true,"href":"https:\/\/www.ce-illkirch.fr\/wordpress\/wp-json\/wp\/v2\/comments?post=37170"}],"version-history":[{"count":2,"href":"https:\/\/www.ce-illkirch.fr\/wordpress\/wp-json\/wp\/v2\/posts\/37170\/revisions"}],"predecessor-version":[{"id":37634,"href":"https:\/\/www.ce-illkirch.fr\/wordpress\/wp-json\/wp\/v2\/posts\/37170\/revisions\/37634"}],"wp:featuredmedia":[{"embeddable":true,"href":"https:\/\/www.ce-illkirch.fr\/wordpress\/wp-json\/wp\/v2\/media\/37171"}],"wp:attachment":[{"href":"https:\/\/www.ce-illkirch.fr\/wordpress\/wp-json\/wp\/v2\/media?parent=37170"}],"wp:term":[{"taxonomy":"category","embeddable":true,"href":"https:\/\/www.ce-illkirch.fr\/wordpress\/wp-json\/wp\/v2\/categories?post=37170"},{"taxonomy":"post_tag","embeddable":true,"href":"https:\/\/www.ce-illkirch.fr\/wordpress\/wp-json\/wp\/v2\/tags?post=37170"}],"curies":[{"name":"wp","href":"https:\/\/api.w.org\/{rel}","templated":true}]}}