{"id":37911,"date":"2025-09-01T09:39:32","date_gmt":"2025-09-01T07:39:32","guid":{"rendered":"https:\/\/www.ce-illkirch.fr\/wordpress\/?p=37911"},"modified":"2025-09-26T17:42:23","modified_gmt":"2025-09-26T15:42:23","slug":"apero-lecteur-25-09-18h","status":"publish","type":"post","link":"https:\/\/www.ce-illkirch.fr\/wordpress\/2025\/09\/bibliotheque\/apero-lecteur-25-09-18h\/","title":{"rendered":"Ap\u00e9ro Lecteur 25\/09 18h"},"content":{"rendered":"<p><strong>Qu\u2019est-ce que l\u2019ap\u00e9ro des lecteurs ?<\/strong><br \/>\nC\u2019est une rencontre conviviale et d\u00e9tendue autour d\u2019un verre (de bi\u00e8re ou d\u2019un soda,\u2026) entre les lecteurs des diff\u00e9rents prix culturels Cezam pour discuter des ouvrages qui composent ces prix.<br \/>\nPour cette deuxi\u00e8me \u00e9dition, cet ap\u00e9ro des lecteurs reste orient\u00e9 Prix Bd puisque nous aurons le privil\u00e8ge de recevoir un invit\u00e9 exceptionnel\u00a0: <strong>Gr\u00e9goire Carl\u00e9<\/strong>,\u00a0 auteur de l\u2019ouvrage <strong>\u00ab\u00a0Le Lierre et l\u2019Araign\u00e9e\u00a0\u00bb<\/strong> s\u00e9lection officielle du Prix BD Cezam 2025.<\/p>\n<p>Alors, rendez-vous le <strong>jeudi 25 septembre 2025 \u00e0 18h \u00e0 l\u2019h\u00f4tel Clap Clap 24-26 rue du Faubourg National<\/strong>.<\/p>\n<p>Venez rencontrer et discuter avec Gr\u00e9goire Carl\u00e9\u00a0!<\/p>\n<p>Entr\u00e9e libre sur r\u00e9servation par mail \u00e0\u00a0: <a href=\"mailto:yann.pignon@cezam-grandest.fr\">yann.pignon@cezam-grandest.fr<\/a><\/p>\n","protected":false},"excerpt":{"rendered":"<p>Qu\u2019est-ce que l\u2019ap\u00e9ro des lecteurs ? C\u2019est une rencontre conviviale et d\u00e9tendue autour d\u2019un verre (de bi\u00e8re ou d\u2019un soda,\u2026) entre les lecteurs des diff\u00e9rents prix culturels Cezam pour discuter [&hellip;]<\/p>\n","protected":false},"author":2,"featured_media":37916,"comment_status":"closed","ping_status":"open","sticky":false,"template":"","format":"standard","meta":{"footnotes":""},"categories":[5,24],"tags":[],"class_list":["post-37911","post","type-post","status-publish","format-standard","has-post-thumbnail","hentry","category-bibliotheque","category-prix-bd"],"publishpress_future_action":{"enabled":false,"date":"2026-05-08 09:14:32","action":"category","newStatus":"draft","terms":[],"taxonomy":"category","extraData":[]},"publishpress_future_workflow_manual_trigger":{"enabledWorkflows":[]},"_links":{"self":[{"href":"https:\/\/www.ce-illkirch.fr\/wordpress\/wp-json\/wp\/v2\/posts\/37911","targetHints":{"allow":["GET"]}}],"collection":[{"href":"https:\/\/www.ce-illkirch.fr\/wordpress\/wp-json\/wp\/v2\/posts"}],"about":[{"href":"https:\/\/www.ce-illkirch.fr\/wordpress\/wp-json\/wp\/v2\/types\/post"}],"author":[{"embeddable":true,"href":"https:\/\/www.ce-illkirch.fr\/wordpress\/wp-json\/wp\/v2\/users\/2"}],"replies":[{"embeddable":true,"href":"https:\/\/www.ce-illkirch.fr\/wordpress\/wp-json\/wp\/v2\/comments?post=37911"}],"version-history":[{"count":1,"href":"https:\/\/www.ce-illkirch.fr\/wordpress\/wp-json\/wp\/v2\/posts\/37911\/revisions"}],"predecessor-version":[{"id":37913,"href":"https:\/\/www.ce-illkirch.fr\/wordpress\/wp-json\/wp\/v2\/posts\/37911\/revisions\/37913"}],"wp:featuredmedia":[{"embeddable":true,"href":"https:\/\/www.ce-illkirch.fr\/wordpress\/wp-json\/wp\/v2\/media\/37916"}],"wp:attachment":[{"href":"https:\/\/www.ce-illkirch.fr\/wordpress\/wp-json\/wp\/v2\/media?parent=37911"}],"wp:term":[{"taxonomy":"category","embeddable":true,"href":"https:\/\/www.ce-illkirch.fr\/wordpress\/wp-json\/wp\/v2\/categories?post=37911"},{"taxonomy":"post_tag","embeddable":true,"href":"https:\/\/www.ce-illkirch.fr\/wordpress\/wp-json\/wp\/v2\/tags?post=37911"}],"curies":[{"name":"wp","href":"https:\/\/api.w.org\/{rel}","templated":true}]}}