{"id":38108,"date":"2025-10-02T18:32:18","date_gmt":"2025-10-02T16:32:18","guid":{"rendered":"https:\/\/www.ce-illkirch.fr\/wordpress\/?p=38108"},"modified":"2026-02-27T13:55:49","modified_gmt":"2026-02-27T12:55:49","slug":"la-bibliotheque","status":"publish","type":"post","link":"https:\/\/www.ce-illkirch.fr\/wordpress\/2025\/10\/bibliotheque\/la-bibliotheque\/","title":{"rendered":"La Biblioth\u00e8que&#8230;."},"content":{"rendered":"<p><strong>P\u00e9riodiques &#8230; les titres <\/strong><span style=\"color: #ef5350;\"><strong><a style=\"color: #ef5350;\" href=\"https:\/\/www.ce-illkirch.fr\/wordpress\/wp-content\/uploads\/2025\/10\/Periodiques-2025_09-bis5-1.pdf\">sept.2025<\/a><\/strong><\/span><\/p>\n<p><span style=\"color: #f51895;\">Retrouvez \u00e9galement les quotidiens et hebdomadaires \u00e0 consulter sur place : DNA&#8230; Charlie Hebdo&#8230; Le Canard Encha\u00een\u00e9<\/span><\/p>\n<p>&nbsp;<\/p>\n","protected":false},"excerpt":{"rendered":"<p>P\u00e9riodiques &#8230; les titres sept.2025 Retrouvez \u00e9galement les quotidiens et hebdomadaires \u00e0 consulter sur place : DNA&#8230; Charlie Hebdo&#8230; Le Canard Encha\u00een\u00e9 &nbsp;<\/p>\n","protected":false},"author":13,"featured_media":38114,"comment_status":"closed","ping_status":"open","sticky":false,"template":"","format":"standard","meta":{"footnotes":""},"categories":[5],"tags":[],"class_list":["post-38108","post","type-post","status-publish","format-standard","has-post-thumbnail","hentry","category-bibliotheque"],"publishpress_future_action":{"enabled":false,"date":"2026-05-07 07:30:58","action":"category","newStatus":"draft","terms":[],"taxonomy":"category","extraData":[]},"publishpress_future_workflow_manual_trigger":{"enabledWorkflows":[]},"_links":{"self":[{"href":"https:\/\/www.ce-illkirch.fr\/wordpress\/wp-json\/wp\/v2\/posts\/38108","targetHints":{"allow":["GET"]}}],"collection":[{"href":"https:\/\/www.ce-illkirch.fr\/wordpress\/wp-json\/wp\/v2\/posts"}],"about":[{"href":"https:\/\/www.ce-illkirch.fr\/wordpress\/wp-json\/wp\/v2\/types\/post"}],"author":[{"embeddable":true,"href":"https:\/\/www.ce-illkirch.fr\/wordpress\/wp-json\/wp\/v2\/users\/13"}],"replies":[{"embeddable":true,"href":"https:\/\/www.ce-illkirch.fr\/wordpress\/wp-json\/wp\/v2\/comments?post=38108"}],"version-history":[{"count":6,"href":"https:\/\/www.ce-illkirch.fr\/wordpress\/wp-json\/wp\/v2\/posts\/38108\/revisions"}],"predecessor-version":[{"id":38118,"href":"https:\/\/www.ce-illkirch.fr\/wordpress\/wp-json\/wp\/v2\/posts\/38108\/revisions\/38118"}],"wp:featuredmedia":[{"embeddable":true,"href":"https:\/\/www.ce-illkirch.fr\/wordpress\/wp-json\/wp\/v2\/media\/38114"}],"wp:attachment":[{"href":"https:\/\/www.ce-illkirch.fr\/wordpress\/wp-json\/wp\/v2\/media?parent=38108"}],"wp:term":[{"taxonomy":"category","embeddable":true,"href":"https:\/\/www.ce-illkirch.fr\/wordpress\/wp-json\/wp\/v2\/categories?post=38108"},{"taxonomy":"post_tag","embeddable":true,"href":"https:\/\/www.ce-illkirch.fr\/wordpress\/wp-json\/wp\/v2\/tags?post=38108"}],"curies":[{"name":"wp","href":"https:\/\/api.w.org\/{rel}","templated":true}]}}