{"id":38273,"date":"2025-10-30T18:11:27","date_gmt":"2025-10-30T17:11:27","guid":{"rendered":"https:\/\/www.ce-illkirch.fr\/wordpress\/?p=38273"},"modified":"2026-02-27T13:55:22","modified_gmt":"2026-02-27T12:55:22","slug":"la-bibliotheque-les-periodiques-2","status":"publish","type":"post","link":"https:\/\/www.ce-illkirch.fr\/wordpress\/2025\/10\/bibliotheque\/la-bibliotheque-les-periodiques-2\/","title":{"rendered":"La Biblioth\u00e8que&#8230; Les P\u00e9riodiques"},"content":{"rendered":"<p><span style=\"color: #ef5350;\">P\u00e9riodiques \u2026 les titres et r\u00e9sum\u00e9s : <span style=\"color: #009688;\"><a href=\"https:\/\/www.ce-illkirch.fr\/wordpress\/wp-content\/uploads\/2025\/10\/Periodique-oct.25-resumes.pdf\"> octobre 2025<\/a><\/span><\/span><\/p>\n<p><span style=\"color: #009688;\">Et \u00e9galement consultable les quotidiens et hebdomadaires\u00a0 : DNA\u2026 Charlie Hebdo\u2026 Le Canard Encha\u00een\u00e9<\/span><\/p>\n","protected":false},"excerpt":{"rendered":"<p>P\u00e9riodiques \u2026 les titres et r\u00e9sum\u00e9s : octobre 2025 Et \u00e9galement consultable les quotidiens et hebdomadaires\u00a0 : DNA\u2026 Charlie Hebdo\u2026 Le Canard Encha\u00een\u00e9<\/p>\n","protected":false},"author":13,"featured_media":38274,"comment_status":"closed","ping_status":"open","sticky":false,"template":"","format":"standard","meta":{"footnotes":""},"categories":[5],"tags":[],"class_list":["post-38273","post","type-post","status-publish","format-standard","has-post-thumbnail","hentry","category-bibliotheque"],"publishpress_future_action":{"enabled":false,"date":"2026-05-08 05:24:20","action":"category","newStatus":"draft","terms":[],"taxonomy":"category","extraData":[]},"publishpress_future_workflow_manual_trigger":{"enabledWorkflows":[]},"_links":{"self":[{"href":"https:\/\/www.ce-illkirch.fr\/wordpress\/wp-json\/wp\/v2\/posts\/38273","targetHints":{"allow":["GET"]}}],"collection":[{"href":"https:\/\/www.ce-illkirch.fr\/wordpress\/wp-json\/wp\/v2\/posts"}],"about":[{"href":"https:\/\/www.ce-illkirch.fr\/wordpress\/wp-json\/wp\/v2\/types\/post"}],"author":[{"embeddable":true,"href":"https:\/\/www.ce-illkirch.fr\/wordpress\/wp-json\/wp\/v2\/users\/13"}],"replies":[{"embeddable":true,"href":"https:\/\/www.ce-illkirch.fr\/wordpress\/wp-json\/wp\/v2\/comments?post=38273"}],"version-history":[{"count":5,"href":"https:\/\/www.ce-illkirch.fr\/wordpress\/wp-json\/wp\/v2\/posts\/38273\/revisions"}],"predecessor-version":[{"id":38281,"href":"https:\/\/www.ce-illkirch.fr\/wordpress\/wp-json\/wp\/v2\/posts\/38273\/revisions\/38281"}],"wp:featuredmedia":[{"embeddable":true,"href":"https:\/\/www.ce-illkirch.fr\/wordpress\/wp-json\/wp\/v2\/media\/38274"}],"wp:attachment":[{"href":"https:\/\/www.ce-illkirch.fr\/wordpress\/wp-json\/wp\/v2\/media?parent=38273"}],"wp:term":[{"taxonomy":"category","embeddable":true,"href":"https:\/\/www.ce-illkirch.fr\/wordpress\/wp-json\/wp\/v2\/categories?post=38273"},{"taxonomy":"post_tag","embeddable":true,"href":"https:\/\/www.ce-illkirch.fr\/wordpress\/wp-json\/wp\/v2\/tags?post=38273"}],"curies":[{"name":"wp","href":"https:\/\/api.w.org\/{rel}","templated":true}]}}