{"id":38421,"date":"2025-11-26T17:58:43","date_gmt":"2025-11-26T16:58:43","guid":{"rendered":"https:\/\/www.ce-illkirch.fr\/wordpress\/?p=38421"},"modified":"2026-02-27T13:55:12","modified_gmt":"2026-02-27T12:55:12","slug":"la-bibliotheque-les-periodiques-3","status":"publish","type":"post","link":"https:\/\/www.ce-illkirch.fr\/wordpress\/2025\/11\/bibliotheque\/la-bibliotheque-les-periodiques-3\/","title":{"rendered":"La Biblioth\u00e8que\u2026 Les P\u00e9riodiques&#8230;"},"content":{"rendered":"<p><span style=\"color: #eb8e15;\">P\u00e9riodiques \u2026 les titres et r\u00e9sum\u00e9s : <a href=\"https:\/\/www.ce-illkirch.fr\/wordpress\/wp-content\/uploads\/2025\/11\/Periodique-2025_11-resumes.pdf\">novembre 2025<\/a><\/span><\/p>\n<p><span style=\"color: #eb8e15;\">Et \u00e9galement consultable les quotidiens et hebdomadaires\u00a0 : DNA\u2026 Charlie Hebdo\u2026 Le Canard Encha\u00een\u00e9<\/span><\/p>\n","protected":false},"excerpt":{"rendered":"<p>P\u00e9riodiques \u2026 les titres et r\u00e9sum\u00e9s : novembre 2025 Et \u00e9galement consultable les quotidiens et hebdomadaires\u00a0 : DNA\u2026 Charlie Hebdo\u2026 Le Canard Encha\u00een\u00e9<\/p>\n","protected":false},"author":13,"featured_media":38422,"comment_status":"closed","ping_status":"open","sticky":false,"template":"","format":"standard","meta":{"footnotes":""},"categories":[5],"tags":[],"class_list":["post-38421","post","type-post","status-publish","format-standard","has-post-thumbnail","hentry","category-bibliotheque"],"publishpress_future_action":{"enabled":false,"date":"2026-05-07 04:41:16","action":"category","newStatus":"draft","terms":[],"taxonomy":"category","extraData":[]},"publishpress_future_workflow_manual_trigger":{"enabledWorkflows":[]},"_links":{"self":[{"href":"https:\/\/www.ce-illkirch.fr\/wordpress\/wp-json\/wp\/v2\/posts\/38421","targetHints":{"allow":["GET"]}}],"collection":[{"href":"https:\/\/www.ce-illkirch.fr\/wordpress\/wp-json\/wp\/v2\/posts"}],"about":[{"href":"https:\/\/www.ce-illkirch.fr\/wordpress\/wp-json\/wp\/v2\/types\/post"}],"author":[{"embeddable":true,"href":"https:\/\/www.ce-illkirch.fr\/wordpress\/wp-json\/wp\/v2\/users\/13"}],"replies":[{"embeddable":true,"href":"https:\/\/www.ce-illkirch.fr\/wordpress\/wp-json\/wp\/v2\/comments?post=38421"}],"version-history":[{"count":2,"href":"https:\/\/www.ce-illkirch.fr\/wordpress\/wp-json\/wp\/v2\/posts\/38421\/revisions"}],"predecessor-version":[{"id":38425,"href":"https:\/\/www.ce-illkirch.fr\/wordpress\/wp-json\/wp\/v2\/posts\/38421\/revisions\/38425"}],"wp:featuredmedia":[{"embeddable":true,"href":"https:\/\/www.ce-illkirch.fr\/wordpress\/wp-json\/wp\/v2\/media\/38422"}],"wp:attachment":[{"href":"https:\/\/www.ce-illkirch.fr\/wordpress\/wp-json\/wp\/v2\/media?parent=38421"}],"wp:term":[{"taxonomy":"category","embeddable":true,"href":"https:\/\/www.ce-illkirch.fr\/wordpress\/wp-json\/wp\/v2\/categories?post=38421"},{"taxonomy":"post_tag","embeddable":true,"href":"https:\/\/www.ce-illkirch.fr\/wordpress\/wp-json\/wp\/v2\/tags?post=38421"}],"curies":[{"name":"wp","href":"https:\/\/api.w.org\/{rel}","templated":true}]}}