{"id":38522,"date":"2025-12-09T11:22:29","date_gmt":"2025-12-09T10:22:29","guid":{"rendered":"https:\/\/www.ce-illkirch.fr\/wordpress\/?p=38522"},"modified":"2026-02-02T17:09:08","modified_gmt":"2026-02-02T16:09:08","slug":"melodies-du-cinema-a-lops-le-28-04","status":"publish","type":"post","link":"https:\/\/www.ce-illkirch.fr\/wordpress\/2025\/12\/loisirs\/melodies-du-cinema-a-lops-le-28-04\/","title":{"rendered":"M\u00e9lodies du cin\u00e9ma \u00e0 l&rsquo;OPS le 28\/04"},"content":{"rendered":"<p><strong><a href=\"https:\/\/www.ce-illkirch.fr\/wordpress\/wp-content\/uploads\/2025\/12\/affiche-film-parrain.jpg\"><img loading=\"lazy\" decoding=\"async\" class=\"size-medium wp-image-38524 alignleft\" src=\"https:\/\/www.ce-illkirch.fr\/wordpress\/wp-content\/uploads\/2025\/12\/affiche-film-parrain-200x300.jpg\" alt=\"\" width=\"200\" height=\"300\" srcset=\"https:\/\/www.ce-illkirch.fr\/wordpress\/wp-content\/uploads\/2025\/12\/affiche-film-parrain-200x300.jpg 200w, https:\/\/www.ce-illkirch.fr\/wordpress\/wp-content\/uploads\/2025\/12\/affiche-film-parrain-73x110.jpg 73w, https:\/\/www.ce-illkirch.fr\/wordpress\/wp-content\/uploads\/2025\/12\/affiche-film-parrain-280x420.jpg 280w, https:\/\/www.ce-illkirch.fr\/wordpress\/wp-content\/uploads\/2025\/12\/affiche-film-parrain-286x430.jpg 286w, https:\/\/www.ce-illkirch.fr\/wordpress\/wp-content\/uploads\/2025\/12\/affiche-film-parrain.jpg 533w\" sizes=\"auto, (max-width: 200px) 100vw, 200px\" \/><\/a>mardi 28\/04 \u00e0 20h au PMC<\/strong><\/p>\n<p><strong>Tarif CSE : 27 \u20ac<\/strong> au lieu de 54 \u20ac en zone 1 &#8211; Salari\u00e9 + conjoint + enfant &#8211; 18 ans. R\u00e9servations au CSE avant le 30\/01. Places limit\u00e9es<\/p>\n<p><strong>Les musiques de films\u2026 vaste programme !<\/strong><\/p>\n<p>Gottfried Huppertz\u00a0 \/ M<em>etropolis &#8211; <\/em>Maurice Jarre \/ <em>Lawrence d\u2019Arabie\u00a0<\/em><\/p>\n<p>Michel Legrand \/ L<em>es Parapluies de Cherbourg &#8211; <\/em>Nino Rota\u00a0 \/<em>Le Parrain<\/em><\/p>\n<p>John Williams \/ <em>La Liste de Schindler &#8211; <\/em>Lalo Schifrin \/ M<em>ission impossible <\/em><\/p>\n<p>John Williams \/<em>Star Wars <\/em><\/p>\n<p><strong>Il y en aura pour tous les go\u00fbts, c\u2019est certain.<\/strong><\/p>\n<p>&nbsp;<\/p>\n","protected":false},"excerpt":{"rendered":"<p>mardi 28\/04 \u00e0 20h au PMC Tarif CSE : 27 \u20ac au lieu de 54 \u20ac en zone 1 &#8211; Salari\u00e9 + conjoint + enfant &#8211; 18 ans. R\u00e9servations au [&hellip;]<\/p>\n","protected":false},"author":2,"featured_media":38523,"comment_status":"closed","ping_status":"open","sticky":false,"template":"","format":"standard","meta":{"footnotes":""},"categories":[16,17],"tags":[],"class_list":["post-38522","post","type-post","status-publish","format-standard","has-post-thumbnail","hentry","category-loisirs","category-loisirs-subvention-theatre"],"publishpress_future_action":{"enabled":false,"date":"2026-05-06 23:23:28","action":"category","newStatus":"draft","terms":[],"taxonomy":"category","extraData":[]},"publishpress_future_workflow_manual_trigger":{"enabledWorkflows":[]},"_links":{"self":[{"href":"https:\/\/www.ce-illkirch.fr\/wordpress\/wp-json\/wp\/v2\/posts\/38522","targetHints":{"allow":["GET"]}}],"collection":[{"href":"https:\/\/www.ce-illkirch.fr\/wordpress\/wp-json\/wp\/v2\/posts"}],"about":[{"href":"https:\/\/www.ce-illkirch.fr\/wordpress\/wp-json\/wp\/v2\/types\/post"}],"author":[{"embeddable":true,"href":"https:\/\/www.ce-illkirch.fr\/wordpress\/wp-json\/wp\/v2\/users\/2"}],"replies":[{"embeddable":true,"href":"https:\/\/www.ce-illkirch.fr\/wordpress\/wp-json\/wp\/v2\/comments?post=38522"}],"version-history":[{"count":2,"href":"https:\/\/www.ce-illkirch.fr\/wordpress\/wp-json\/wp\/v2\/posts\/38522\/revisions"}],"predecessor-version":[{"id":38526,"href":"https:\/\/www.ce-illkirch.fr\/wordpress\/wp-json\/wp\/v2\/posts\/38522\/revisions\/38526"}],"wp:featuredmedia":[{"embeddable":true,"href":"https:\/\/www.ce-illkirch.fr\/wordpress\/wp-json\/wp\/v2\/media\/38523"}],"wp:attachment":[{"href":"https:\/\/www.ce-illkirch.fr\/wordpress\/wp-json\/wp\/v2\/media?parent=38522"}],"wp:term":[{"taxonomy":"category","embeddable":true,"href":"https:\/\/www.ce-illkirch.fr\/wordpress\/wp-json\/wp\/v2\/categories?post=38522"},{"taxonomy":"post_tag","embeddable":true,"href":"https:\/\/www.ce-illkirch.fr\/wordpress\/wp-json\/wp\/v2\/tags?post=38522"}],"curies":[{"name":"wp","href":"https:\/\/api.w.org\/{rel}","templated":true}]}}