{"id":38912,"date":"2026-03-04T09:40:17","date_gmt":"2026-03-04T08:40:17","guid":{"rendered":"https:\/\/www.ce-illkirch.fr\/wordpress\/?p=38912"},"modified":"2026-03-05T10:59:44","modified_gmt":"2026-03-05T09:59:44","slug":"38912","status":"publish","type":"post","link":"https:\/\/www.ce-illkirch.fr\/wordpress\/2026\/03\/bibliotheque\/38912\/","title":{"rendered":"Biblioth\u00e8que, rencontre avec un auteur&#8230;"},"content":{"rendered":"<p>Pasca<img loading=\"lazy\" decoding=\"async\" class=\"wp-image-38913 alignleft\" src=\"https:\/\/www.ce-illkirch.fr\/wordpress\/wp-content\/uploads\/2026\/02\/Rencontre-avec-Pascal-Marchant-affiche-news-site-bis2-210x300.png\" alt=\"\" width=\"66\" height=\"95\" srcset=\"https:\/\/www.ce-illkirch.fr\/wordpress\/wp-content\/uploads\/2026\/02\/Rencontre-avec-Pascal-Marchant-affiche-news-site-bis2-210x300.png 210w, https:\/\/www.ce-illkirch.fr\/wordpress\/wp-content\/uploads\/2026\/02\/Rencontre-avec-Pascal-Marchant-affiche-news-site-bis2-77x110.png 77w, https:\/\/www.ce-illkirch.fr\/wordpress\/wp-content\/uploads\/2026\/02\/Rencontre-avec-Pascal-Marchant-affiche-news-site-bis2-294x420.png 294w, https:\/\/www.ce-illkirch.fr\/wordpress\/wp-content\/uploads\/2026\/02\/Rencontre-avec-Pascal-Marchant-affiche-news-site-bis2-301x430.png 301w, https:\/\/www.ce-illkirch.fr\/wordpress\/wp-content\/uploads\/2026\/02\/Rencontre-avec-Pascal-Marchant-affiche-news-site-bis2.png 355w\" sizes=\"auto, (max-width: 66px) 100vw, 66px\" \/>l Marchant est un fan du super-h\u00e9ros Spider-Man, mais aussi de vinyles. Grand collectionneur, il a d\u00e9cid\u00e9 de r\u00e9pertorier dans un livre auto-\u00e9dit\u00e9 intitul\u00e9 \u00ab The amazing record story : Quand l\u2019objet rencontre une ic\u00f4ne \u00bb, il r\u00e9pertorie tous les disques, \u00e0 travers les temps et les pays, faisant r\u00e9f\u00e9rence \u00e0 l\u2019homme araign\u00e9e&#8230;. Venez \u00e0 sa rencontre.<\/p>\n<p><a href=\"https:\/\/www.pascalmarchant.com\/\"><span style=\"color: #cf0499;\">https:\/\/www.pascalmarchant.com\/<\/span><\/a><\/p>\n","protected":false},"excerpt":{"rendered":"<p>Pascal Marchant est un fan du super-h\u00e9ros Spider-Man, mais aussi de vinyles. Grand collectionneur, il a d\u00e9cid\u00e9 de r\u00e9pertorier dans un livre auto-\u00e9dit\u00e9 intitul\u00e9 \u00ab The amazing record story : [&hellip;]<\/p>\n","protected":false},"author":13,"featured_media":38915,"comment_status":"closed","ping_status":"open","sticky":false,"template":"","format":"standard","meta":{"footnotes":""},"categories":[5],"tags":[],"class_list":["post-38912","post","type-post","status-publish","format-standard","has-post-thumbnail","hentry","category-bibliotheque"],"publishpress_future_action":{"enabled":false,"date":"2026-05-06 21:33:59","action":"category","newStatus":"draft","terms":[],"taxonomy":"category","extraData":[]},"publishpress_future_workflow_manual_trigger":{"enabledWorkflows":[]},"_links":{"self":[{"href":"https:\/\/www.ce-illkirch.fr\/wordpress\/wp-json\/wp\/v2\/posts\/38912","targetHints":{"allow":["GET"]}}],"collection":[{"href":"https:\/\/www.ce-illkirch.fr\/wordpress\/wp-json\/wp\/v2\/posts"}],"about":[{"href":"https:\/\/www.ce-illkirch.fr\/wordpress\/wp-json\/wp\/v2\/types\/post"}],"author":[{"embeddable":true,"href":"https:\/\/www.ce-illkirch.fr\/wordpress\/wp-json\/wp\/v2\/users\/13"}],"replies":[{"embeddable":true,"href":"https:\/\/www.ce-illkirch.fr\/wordpress\/wp-json\/wp\/v2\/comments?post=38912"}],"version-history":[{"count":4,"href":"https:\/\/www.ce-illkirch.fr\/wordpress\/wp-json\/wp\/v2\/posts\/38912\/revisions"}],"predecessor-version":[{"id":38919,"href":"https:\/\/www.ce-illkirch.fr\/wordpress\/wp-json\/wp\/v2\/posts\/38912\/revisions\/38919"}],"wp:featuredmedia":[{"embeddable":true,"href":"https:\/\/www.ce-illkirch.fr\/wordpress\/wp-json\/wp\/v2\/media\/38915"}],"wp:attachment":[{"href":"https:\/\/www.ce-illkirch.fr\/wordpress\/wp-json\/wp\/v2\/media?parent=38912"}],"wp:term":[{"taxonomy":"category","embeddable":true,"href":"https:\/\/www.ce-illkirch.fr\/wordpress\/wp-json\/wp\/v2\/categories?post=38912"},{"taxonomy":"post_tag","embeddable":true,"href":"https:\/\/www.ce-illkirch.fr\/wordpress\/wp-json\/wp\/v2\/tags?post=38912"}],"curies":[{"name":"wp","href":"https:\/\/api.w.org\/{rel}","templated":true}]}}