{"id":40004,"date":"2026-09-03T11:32:59","date_gmt":"2026-09-03T09:32:59","guid":{"rendered":"https:\/\/www.ce-illkirch.fr\/wordpress\/?p=40004"},"modified":"2026-09-03T11:33:23","modified_gmt":"2026-09-03T09:33:23","slug":"course-de-la-diversite-11-09","status":"publish","type":"post","link":"https:\/\/www.ce-illkirch.fr\/wordpress\/2026\/09\/scabsi\/course-de-la-diversite-11-09\/","title":{"rendered":"Course ou Marche de la diversit\u00e9 11\/09"},"content":{"rendered":"<ul>\n<li><strong><a href=\"https:\/\/www.ce-illkirch.fr\/wordpress\/wp-content\/uploads\/2026\/07\/260911_CDD_2026-Copy.pdf\">Course de la diversit\u00e9<\/a><\/strong> \u2013 du 11\/09 \u2013 en solo ou en duo \u2013 Remboursement par ASALI &#8211; pr\u00e9sentation facture \u00e0 Claire Dechrist\u00e9<\/li>\n<\/ul>\n<p>B\u00e9n\u00e9fices revers\u00e9s \u00e0 lassociation \u00e0 l\u2019<a href=\"https:\/\/www.ashpa.eu\/\">ASHPA<\/a><\/p>\n","protected":false},"excerpt":{"rendered":"<p>Course de la diversit\u00e9 \u2013 du 11\/09 \u2013 en solo ou en duo \u2013 Remboursement par ASALI &#8211; pr\u00e9sentation facture \u00e0 Claire Dechrist\u00e9 B\u00e9n\u00e9fices revers\u00e9s \u00e0 lassociation \u00e0 l\u2019ASHPA<\/p>\n","protected":false},"author":2,"featured_media":39990,"comment_status":"closed","ping_status":"open","sticky":false,"template":"","format":"standard","meta":{"footnotes":""},"categories":[45,29,35],"tags":[],"class_list":["post-40004","post","type-post","status-publish","format-standard","has-post-thumbnail","hentry","category-athle","category-scabsi","category-top_a_la_une"],"publishpress_future_action":{"enabled":false,"date":"2026-09-11 08:37:10","action":"category","newStatus":"draft","terms":[],"taxonomy":"category","extraData":[]},"publishpress_future_workflow_manual_trigger":{"enabledWorkflows":[]},"_links":{"self":[{"href":"https:\/\/www.ce-illkirch.fr\/wordpress\/wp-json\/wp\/v2\/posts\/40004","targetHints":{"allow":["GET"]}}],"collection":[{"href":"https:\/\/www.ce-illkirch.fr\/wordpress\/wp-json\/wp\/v2\/posts"}],"about":[{"href":"https:\/\/www.ce-illkirch.fr\/wordpress\/wp-json\/wp\/v2\/types\/post"}],"author":[{"embeddable":true,"href":"https:\/\/www.ce-illkirch.fr\/wordpress\/wp-json\/wp\/v2\/users\/2"}],"replies":[{"embeddable":true,"href":"https:\/\/www.ce-illkirch.fr\/wordpress\/wp-json\/wp\/v2\/comments?post=40004"}],"version-history":[{"count":3,"href":"https:\/\/www.ce-illkirch.fr\/wordpress\/wp-json\/wp\/v2\/posts\/40004\/revisions"}],"predecessor-version":[{"id":40007,"href":"https:\/\/www.ce-illkirch.fr\/wordpress\/wp-json\/wp\/v2\/posts\/40004\/revisions\/40007"}],"wp:featuredmedia":[{"embeddable":true,"href":"https:\/\/www.ce-illkirch.fr\/wordpress\/wp-json\/wp\/v2\/media\/39990"}],"wp:attachment":[{"href":"https:\/\/www.ce-illkirch.fr\/wordpress\/wp-json\/wp\/v2\/media?parent=40004"}],"wp:term":[{"taxonomy":"category","embeddable":true,"href":"https:\/\/www.ce-illkirch.fr\/wordpress\/wp-json\/wp\/v2\/categories?post=40004"},{"taxonomy":"post_tag","embeddable":true,"href":"https:\/\/www.ce-illkirch.fr\/wordpress\/wp-json\/wp\/v2\/tags?post=40004"}],"curies":[{"name":"wp","href":"https:\/\/api.w.org\/{rel}","templated":true}]}}