{"id":40010,"date":"2026-09-03T18:44:04","date_gmt":"2026-09-03T16:44:04","guid":{"rendered":"https:\/\/www.ce-illkirch.fr\/wordpress\/?p=40010"},"modified":"2026-09-03T18:44:04","modified_gmt":"2026-09-03T16:44:04","slug":"bibliotheque-periodiques-septembre-2026","status":"publish","type":"post","link":"https:\/\/www.ce-illkirch.fr\/wordpress\/2026\/09\/bibliotheque\/bibliotheque-periodiques-septembre-2026\/","title":{"rendered":"Biblioth\u00e8que\u2026 p\u00e9riodiques, septembre 2026"},"content":{"rendered":"<p>Pour rappel, les derniers num\u00e9ros sont consultables sur place.<\/p>\n<p><span style=\"color: #f0760c;\"><strong><em>Retrouvez \u00e9galement <\/em><\/strong><strong><em>Les quotidiens &amp; hebdomadaires : <\/em><\/strong><strong><em>DNA, Canard Enchain\u00e9, Charlie Hebdo<\/em><\/strong><\/span><\/p>\n","protected":false},"excerpt":{"rendered":"<p>Pour rappel, les derniers num\u00e9ros sont consultables sur place. Retrouvez \u00e9galement Les quotidiens &amp; hebdomadaires : DNA, Canard Enchain\u00e9, Charlie Hebdo<\/p>\n","protected":false},"author":13,"featured_media":40011,"comment_status":"closed","ping_status":"open","sticky":false,"template":"","format":"standard","meta":{"footnotes":""},"categories":[5,14,35],"tags":[],"class_list":["post-40010","post","type-post","status-publish","format-standard","has-post-thumbnail","hentry","category-bibliotheque","category-listings","category-top_a_la_une"],"publishpress_future_action":{"enabled":false,"date":"2026-09-11 08:37:10","action":"category","newStatus":"draft","terms":[],"taxonomy":"category","extraData":[]},"publishpress_future_workflow_manual_trigger":{"enabledWorkflows":[]},"_links":{"self":[{"href":"https:\/\/www.ce-illkirch.fr\/wordpress\/wp-json\/wp\/v2\/posts\/40010","targetHints":{"allow":["GET"]}}],"collection":[{"href":"https:\/\/www.ce-illkirch.fr\/wordpress\/wp-json\/wp\/v2\/posts"}],"about":[{"href":"https:\/\/www.ce-illkirch.fr\/wordpress\/wp-json\/wp\/v2\/types\/post"}],"author":[{"embeddable":true,"href":"https:\/\/www.ce-illkirch.fr\/wordpress\/wp-json\/wp\/v2\/users\/13"}],"replies":[{"embeddable":true,"href":"https:\/\/www.ce-illkirch.fr\/wordpress\/wp-json\/wp\/v2\/comments?post=40010"}],"version-history":[{"count":2,"href":"https:\/\/www.ce-illkirch.fr\/wordpress\/wp-json\/wp\/v2\/posts\/40010\/revisions"}],"predecessor-version":[{"id":40013,"href":"https:\/\/www.ce-illkirch.fr\/wordpress\/wp-json\/wp\/v2\/posts\/40010\/revisions\/40013"}],"wp:featuredmedia":[{"embeddable":true,"href":"https:\/\/www.ce-illkirch.fr\/wordpress\/wp-json\/wp\/v2\/media\/40011"}],"wp:attachment":[{"href":"https:\/\/www.ce-illkirch.fr\/wordpress\/wp-json\/wp\/v2\/media?parent=40010"}],"wp:term":[{"taxonomy":"category","embeddable":true,"href":"https:\/\/www.ce-illkirch.fr\/wordpress\/wp-json\/wp\/v2\/categories?post=40010"},{"taxonomy":"post_tag","embeddable":true,"href":"https:\/\/www.ce-illkirch.fr\/wordpress\/wp-json\/wp\/v2\/tags?post=40010"}],"curies":[{"name":"wp","href":"https:\/\/api.w.org\/{rel}","templated":true}]}}