{"id":4651,"date":"2011-06-21T22:08:28","date_gmt":"2011-06-21T21:08:28","guid":{"rendered":"http:\/\/www.ce-illkirch.fr\/wordpress\/?p=4651"},"modified":"2011-06-21T22:08:28","modified_gmt":"2011-06-21T21:08:28","slug":"printemps-du-velo-les-resultats","status":"publish","type":"post","link":"https:\/\/www.ce-illkirch.fr\/wordpress\/2011\/06\/non-classe\/printemps-du-velo-les-resultats\/","title":{"rendered":"Printemps du V\u00e9lo: les r\u00e9sultats"},"content":{"rendered":"<p><a href=\"http:\/\/www.ce-illkirch.fr\/wordpress\/wp-content\/uploads\/velo2.gif\"><img loading=\"lazy\" decoding=\"async\" class=\"alignleft size-thumbnail wp-image-1363\" title=\"velo\" src=\"http:\/\/www.ce-illkirch.fr\/wordpress\/wp-content\/uploads\/velo2-150x101.gif\" alt=\"\" width=\"150\" height=\"101\" \/><\/a><strong>Le  Vendredi 24 juin a eu lieu un tirage au sort parmi les  participants : n&rsquo;oubliez pas de venir chercher votre lot offert par la  Commission Transport du CE.<br \/>\nChaque participant recevra aussi un magnifique tour de cou offert par le Scabsi.<\/strong><\/p>\n<p><strong><\/strong>Ce sont 84 personnes qui ont d\u00e9clar\u00e9 15553 km en v\u00e9lo en 4 semaines.<br \/>\nAvec ce score nous arrivons 2e de notre cat\u00e9gorie (entreprise de plus de 250 employ\u00e9s) derri\u00e8re les H\u00f4pitaux de Strasbourg 39181km et devant Orange Direction Est 15507km.<\/p>\n<p>Lors de la journ\u00e9e du v\u00e9lo, le 31 mai, ce sont 64 personnes qui sont venues \u00e0 v\u00e9lo. Un petit d\u00e9jeuner a \u00e9t\u00e9 offert \u00e0 chaque cycliste.<\/p>\n<p>Bravo \u00e0 tous !<\/p>\n<p><span style=\"color: #000000;\">Un grand merci \u00e0 nos sponsors: L&rsquo;Alsacienne de Restauration et le Scabsi.<\/span><\/p>\n","protected":false},"excerpt":{"rendered":"<p>Le Vendredi 24 juin a eu lieu un tirage au sort parmi les participants : n&rsquo;oubliez pas de venir chercher votre lot offert par la Commission Transport du CE. Chaque [&hellip;]<\/p>\n","protected":false},"author":1,"featured_media":0,"comment_status":"open","ping_status":"closed","sticky":false,"template":"","format":"standard","meta":{"footnotes":""},"categories":[1,39],"tags":[],"class_list":["post-4651","post","type-post","status-publish","format-standard","hentry","category-non-classe","category-transport"],"publishpress_future_action":{"enabled":false,"date":"2026-05-08 07:54:19","action":"category","newStatus":"draft","terms":[],"taxonomy":"category","extraData":[]},"publishpress_future_workflow_manual_trigger":{"enabledWorkflows":[]},"_links":{"self":[{"href":"https:\/\/www.ce-illkirch.fr\/wordpress\/wp-json\/wp\/v2\/posts\/4651","targetHints":{"allow":["GET"]}}],"collection":[{"href":"https:\/\/www.ce-illkirch.fr\/wordpress\/wp-json\/wp\/v2\/posts"}],"about":[{"href":"https:\/\/www.ce-illkirch.fr\/wordpress\/wp-json\/wp\/v2\/types\/post"}],"author":[{"embeddable":true,"href":"https:\/\/www.ce-illkirch.fr\/wordpress\/wp-json\/wp\/v2\/users\/1"}],"replies":[{"embeddable":true,"href":"https:\/\/www.ce-illkirch.fr\/wordpress\/wp-json\/wp\/v2\/comments?post=4651"}],"version-history":[{"count":0,"href":"https:\/\/www.ce-illkirch.fr\/wordpress\/wp-json\/wp\/v2\/posts\/4651\/revisions"}],"wp:attachment":[{"href":"https:\/\/www.ce-illkirch.fr\/wordpress\/wp-json\/wp\/v2\/media?parent=4651"}],"wp:term":[{"taxonomy":"category","embeddable":true,"href":"https:\/\/www.ce-illkirch.fr\/wordpress\/wp-json\/wp\/v2\/categories?post=4651"},{"taxonomy":"post_tag","embeddable":true,"href":"https:\/\/www.ce-illkirch.fr\/wordpress\/wp-json\/wp\/v2\/tags?post=4651"}],"curies":[{"name":"wp","href":"https:\/\/api.w.org\/{rel}","templated":true}]}}