{"id":485,"date":"2022-02-03T09:40:10","date_gmt":"2022-02-03T08:40:10","guid":{"rendered":"http:\/\/www.ce-illkirch.fr\/wordpress\/?p=485"},"modified":"2022-02-03T17:20:33","modified_gmt":"2022-02-03T16:20:33","slug":"les-magazines-disponibles-a-la-bibliotheque","status":"publish","type":"post","link":"https:\/\/www.ce-illkirch.fr\/wordpress\/2022\/02\/bibliotheque\/les-magazines-disponibles-a-la-bibliotheque\/","title":{"rendered":"Les magazines disponibles \u00e0 la biblioth\u00e8que"},"content":{"rendered":"<p>En entrant \u00e0 gauche, vous trouverez une douzaine de p\u00e9riodiques auxquels nous sommes abonn\u00e9s.<\/p>\n<p>Lorsqu&rsquo;il s&rsquo;agit du dernier sorti, le p\u00e9riodique est uniquement en consultation \u00e0 la biblioth\u00e8que, mais s&rsquo;il s&rsquo;agit d&rsquo;un plus ancien, vous pouvez l&#8217;emprunter comme n&rsquo;importe quel livre ou BD.<\/p>\n<ul>\n<li>60 millions de consommateurs<\/li>\n<li>l&rsquo;Histoire<\/li>\n<li>Alternatives \u00e9conomiques<\/li>\n<li>Cuisine Actuelle<\/li>\n<li>Maison&amp;Travaux<\/li>\n<li>les 4 saisons, jardin bio, permaculture et alternatives<\/li>\n<li>Les saisons d&rsquo;Alsace<\/li>\n<\/ul>\n","protected":false},"excerpt":{"rendered":"<p>En entrant \u00e0 gauche, vous trouverez une douzaine de p\u00e9riodiques auxquels nous sommes abonn\u00e9s. Lorsqu&rsquo;il s&rsquo;agit du dernier sorti, le p\u00e9riodique est uniquement en consultation \u00e0 la biblioth\u00e8que, mais s&rsquo;il [&hellip;]<\/p>\n","protected":false},"author":1,"featured_media":29758,"comment_status":"open","ping_status":"open","sticky":false,"template":"","format":"standard","meta":{"footnotes":""},"categories":[5,14],"tags":[],"class_list":["post-485","post","type-post","status-publish","format-standard","has-post-thumbnail","hentry","category-bibliotheque","category-listings"],"publishpress_future_action":{"enabled":false,"date":"2026-05-08 14:17:48","action":"category","newStatus":"draft","terms":[],"taxonomy":"category","extraData":[]},"publishpress_future_workflow_manual_trigger":{"enabledWorkflows":[]},"_links":{"self":[{"href":"https:\/\/www.ce-illkirch.fr\/wordpress\/wp-json\/wp\/v2\/posts\/485","targetHints":{"allow":["GET"]}}],"collection":[{"href":"https:\/\/www.ce-illkirch.fr\/wordpress\/wp-json\/wp\/v2\/posts"}],"about":[{"href":"https:\/\/www.ce-illkirch.fr\/wordpress\/wp-json\/wp\/v2\/types\/post"}],"author":[{"embeddable":true,"href":"https:\/\/www.ce-illkirch.fr\/wordpress\/wp-json\/wp\/v2\/users\/1"}],"replies":[{"embeddable":true,"href":"https:\/\/www.ce-illkirch.fr\/wordpress\/wp-json\/wp\/v2\/comments?post=485"}],"version-history":[{"count":6,"href":"https:\/\/www.ce-illkirch.fr\/wordpress\/wp-json\/wp\/v2\/posts\/485\/revisions"}],"predecessor-version":[{"id":29779,"href":"https:\/\/www.ce-illkirch.fr\/wordpress\/wp-json\/wp\/v2\/posts\/485\/revisions\/29779"}],"wp:featuredmedia":[{"embeddable":true,"href":"https:\/\/www.ce-illkirch.fr\/wordpress\/wp-json\/wp\/v2\/media\/29758"}],"wp:attachment":[{"href":"https:\/\/www.ce-illkirch.fr\/wordpress\/wp-json\/wp\/v2\/media?parent=485"}],"wp:term":[{"taxonomy":"category","embeddable":true,"href":"https:\/\/www.ce-illkirch.fr\/wordpress\/wp-json\/wp\/v2\/categories?post=485"},{"taxonomy":"post_tag","embeddable":true,"href":"https:\/\/www.ce-illkirch.fr\/wordpress\/wp-json\/wp\/v2\/tags?post=485"}],"curies":[{"name":"wp","href":"https:\/\/api.w.org\/{rel}","templated":true}]}}