{"id":5506,"date":"2011-11-22T12:23:49","date_gmt":"2011-11-22T11:23:49","guid":{"rendered":"http:\/\/www.ce-illkirch.fr\/wordpress\/?p=5506"},"modified":"2011-11-22T12:23:49","modified_gmt":"2011-11-22T11:23:49","slug":"cafe-litteraire-completement-livres","status":"publish","type":"post","link":"https:\/\/www.ce-illkirch.fr\/wordpress\/2011\/11\/non-classe\/cafe-litteraire-completement-livres\/","title":{"rendered":"Caf\u00e9 litt\u00e9raire Compl\u00e8tement Livres !"},"content":{"rendered":"<p><a href=\"http:\/\/www.ce-illkirch.fr\/wordpress\/wp-content\/uploads\/affiche2011-1-.jpg\"><img loading=\"lazy\" decoding=\"async\" class=\"alignleft size-thumbnail wp-image-5567\" title=\"affiche2011-1-\" src=\"http:\/\/www.ce-illkirch.fr\/wordpress\/wp-content\/uploads\/affiche2011-1--150x150.jpg\" alt=\"\" width=\"150\" height=\"150\" \/><\/a>Prix Litt\u00e9raire Compl\u00e8tement livres ! : <a href=\"http:\/\/completement-livres.over-blog.com\/\" target=\"_blank\">le blog<\/a><\/p>\n<p>Avant de voter, nous vous proposons une discussion autour d&rsquo;un caf\u00e9 et de petits g\u00e2teaux : <strong>lundi 28 novembre \u00e0 12h30 <\/strong>au grand salon du restaurant d&rsquo;entreprise.<\/p>\n","protected":false},"excerpt":{"rendered":"<p>Prix Litt\u00e9raire Compl\u00e8tement livres ! : le blog Avant de voter, nous vous proposons une discussion autour d&rsquo;un caf\u00e9 et de petits g\u00e2teaux : lundi 28 novembre \u00e0 12h30 au [&hellip;]<\/p>\n","protected":false},"author":1,"featured_media":0,"comment_status":"open","ping_status":"closed","sticky":false,"template":"","format":"standard","meta":{"footnotes":""},"categories":[5,1,25],"tags":[],"class_list":["post-5506","post","type-post","status-publish","format-standard","hentry","category-bibliotheque","category-non-classe","category-prix-litteraire-bibliotheque"],"publishpress_future_action":{"enabled":false,"date":"2026-05-10 11:10:22","action":"category","newStatus":"draft","terms":[],"taxonomy":"category","extraData":[]},"publishpress_future_workflow_manual_trigger":{"enabledWorkflows":[]},"_links":{"self":[{"href":"https:\/\/www.ce-illkirch.fr\/wordpress\/wp-json\/wp\/v2\/posts\/5506","targetHints":{"allow":["GET"]}}],"collection":[{"href":"https:\/\/www.ce-illkirch.fr\/wordpress\/wp-json\/wp\/v2\/posts"}],"about":[{"href":"https:\/\/www.ce-illkirch.fr\/wordpress\/wp-json\/wp\/v2\/types\/post"}],"author":[{"embeddable":true,"href":"https:\/\/www.ce-illkirch.fr\/wordpress\/wp-json\/wp\/v2\/users\/1"}],"replies":[{"embeddable":true,"href":"https:\/\/www.ce-illkirch.fr\/wordpress\/wp-json\/wp\/v2\/comments?post=5506"}],"version-history":[{"count":0,"href":"https:\/\/www.ce-illkirch.fr\/wordpress\/wp-json\/wp\/v2\/posts\/5506\/revisions"}],"wp:attachment":[{"href":"https:\/\/www.ce-illkirch.fr\/wordpress\/wp-json\/wp\/v2\/media?parent=5506"}],"wp:term":[{"taxonomy":"category","embeddable":true,"href":"https:\/\/www.ce-illkirch.fr\/wordpress\/wp-json\/wp\/v2\/categories?post=5506"},{"taxonomy":"post_tag","embeddable":true,"href":"https:\/\/www.ce-illkirch.fr\/wordpress\/wp-json\/wp\/v2\/tags?post=5506"}],"curies":[{"name":"wp","href":"https:\/\/api.w.org\/{rel}","templated":true}]}}