{"id":5935,"date":"2012-01-24T10:05:02","date_gmt":"2012-01-24T09:05:02","guid":{"rendered":"http:\/\/www.ce-illkirch.fr\/wordpress\/?p=5935"},"modified":"2012-01-24T10:05:02","modified_gmt":"2012-01-24T09:05:02","slug":"and-the-winner-is","status":"publish","type":"post","link":"https:\/\/www.ce-illkirch.fr\/wordpress\/2012\/01\/bibliotheque\/and-the-winner-is\/","title":{"rendered":"And the winner is&#8230;&#8230;"},"content":{"rendered":"<p>Le laur\u00e9at de la 3\u00e8me \u00e9dition compl\u00e8tement livres ! est James A. Levine, pour son roman Le cahier bleu. Le prix sera remis au printemps prochain.<br \/>\nEveLine a annonc\u00e9 les r\u00e9sultats lors du caf\u00e9 litt\u00e9raire du 13\/01.<br \/>\nJef attend vos commentaires sur le blog<br \/>\n<a href=\"http:\/\/completement-livres.over-blog.com\/\">http:\/\/completementlivres.over-blog.com<\/a><br \/>\nVous y trouverez des photos et plus&#8230;<\/p>\n<p><a href=\"http:\/\/www.ce-illkirch.fr\/wordpress\/wp-content\/uploads\/cahier_bleu-2.jpg\"><img loading=\"lazy\" decoding=\"async\" class=\"alignleft size-medium wp-image-5936\" title=\"cahier_bleu (2)\" src=\"http:\/\/www.ce-illkirch.fr\/wordpress\/wp-content\/uploads\/cahier_bleu-2-203x300.jpg\" alt=\"\" width=\"203\" height=\"300\" \/><\/a><\/p>\n","protected":false},"excerpt":{"rendered":"<p>Le laur\u00e9at de la 3\u00e8me \u00e9dition compl\u00e8tement livres ! est James A. Levine, pour son roman Le cahier bleu. Le prix sera remis au printemps prochain. EveLine a annonc\u00e9 les [&hellip;]<\/p>\n","protected":false},"author":1,"featured_media":0,"comment_status":"open","ping_status":"closed","sticky":false,"template":"","format":"standard","meta":{"footnotes":""},"categories":[5,25],"tags":[],"class_list":["post-5935","post","type-post","status-publish","format-standard","hentry","category-bibliotheque","category-prix-litteraire-bibliotheque"],"publishpress_future_action":{"enabled":false,"date":"2026-05-10 10:42:01","action":"category","newStatus":"draft","terms":[],"taxonomy":"category","extraData":[]},"publishpress_future_workflow_manual_trigger":{"enabledWorkflows":[]},"_links":{"self":[{"href":"https:\/\/www.ce-illkirch.fr\/wordpress\/wp-json\/wp\/v2\/posts\/5935","targetHints":{"allow":["GET"]}}],"collection":[{"href":"https:\/\/www.ce-illkirch.fr\/wordpress\/wp-json\/wp\/v2\/posts"}],"about":[{"href":"https:\/\/www.ce-illkirch.fr\/wordpress\/wp-json\/wp\/v2\/types\/post"}],"author":[{"embeddable":true,"href":"https:\/\/www.ce-illkirch.fr\/wordpress\/wp-json\/wp\/v2\/users\/1"}],"replies":[{"embeddable":true,"href":"https:\/\/www.ce-illkirch.fr\/wordpress\/wp-json\/wp\/v2\/comments?post=5935"}],"version-history":[{"count":0,"href":"https:\/\/www.ce-illkirch.fr\/wordpress\/wp-json\/wp\/v2\/posts\/5935\/revisions"}],"wp:attachment":[{"href":"https:\/\/www.ce-illkirch.fr\/wordpress\/wp-json\/wp\/v2\/media?parent=5935"}],"wp:term":[{"taxonomy":"category","embeddable":true,"href":"https:\/\/www.ce-illkirch.fr\/wordpress\/wp-json\/wp\/v2\/categories?post=5935"},{"taxonomy":"post_tag","embeddable":true,"href":"https:\/\/www.ce-illkirch.fr\/wordpress\/wp-json\/wp\/v2\/tags?post=5935"}],"curies":[{"name":"wp","href":"https:\/\/api.w.org\/{rel}","templated":true}]}}