{"id":5939,"date":"2012-01-24T10:26:51","date_gmt":"2012-01-24T09:26:51","guid":{"rendered":"http:\/\/www.ce-illkirch.fr\/wordpress\/?p=5939"},"modified":"2012-01-24T10:26:51","modified_gmt":"2012-01-24T09:26:51","slug":"cru-2012","status":"publish","type":"post","link":"https:\/\/www.ce-illkirch.fr\/wordpress\/2012\/01\/bibliotheque\/cru-2012\/","title":{"rendered":"Compl\u00e8tement livres ! Cru 2012"},"content":{"rendered":"<p><a href=\"http:\/\/www.ce-illkirch.fr\/wordpress\/wp-content\/uploads\/prixlitt20121.jpg\"><img loading=\"lazy\" decoding=\"async\" class=\"aligncenter size-medium wp-image-5974\" title=\"prixlitt2012\" src=\"http:\/\/www.ce-illkirch.fr\/wordpress\/wp-content\/uploads\/prixlitt20121-300x169.jpg\" alt=\"\" width=\"300\" height=\"169\" \/><\/a>Et voil\u00e0 le cru 2012 toujours aussi \u00e9clectique, en esp\u00e9rant que vous l&rsquo;appr\u00e9cierez.<\/p>\n<p><a href=\"http:\/\/www.ce-illkirch.fr\/wordpress\/wp-content\/uploads\/selection-2012.doc\">selection 2012<\/a><\/p>\n<p>Isaka vous donne rendez-vous au Printemps des Bretelles <strong>mardi 27 mars<\/strong> : Isabelle Delille, Claude Norwid, Claude Gerling et d&rsquo;autres lecteurs pr\u00e9senteront cette s\u00e9lection.<\/p>\n<p>R\u00e9servez cette soir\u00e9e conviviale au restaurant du Baggersee d\u00e8s \u00e0 pr\u00e9sent !<\/p>\n","protected":false},"excerpt":{"rendered":"<p>Et voil\u00e0 le cru 2012 toujours aussi \u00e9clectique, en esp\u00e9rant que vous l&rsquo;appr\u00e9cierez. selection 2012 Isaka vous donne rendez-vous au Printemps des Bretelles mardi 27 mars : Isabelle Delille, Claude [&hellip;]<\/p>\n","protected":false},"author":1,"featured_media":0,"comment_status":"open","ping_status":"closed","sticky":false,"template":"","format":"standard","meta":{"footnotes":""},"categories":[5,25],"tags":[],"class_list":["post-5939","post","type-post","status-publish","format-standard","hentry","category-bibliotheque","category-prix-litteraire-bibliotheque"],"publishpress_future_action":{"enabled":false,"date":"2026-05-10 11:15:17","action":"category","newStatus":"draft","terms":[],"taxonomy":"category","extraData":[]},"publishpress_future_workflow_manual_trigger":{"enabledWorkflows":[]},"_links":{"self":[{"href":"https:\/\/www.ce-illkirch.fr\/wordpress\/wp-json\/wp\/v2\/posts\/5939","targetHints":{"allow":["GET"]}}],"collection":[{"href":"https:\/\/www.ce-illkirch.fr\/wordpress\/wp-json\/wp\/v2\/posts"}],"about":[{"href":"https:\/\/www.ce-illkirch.fr\/wordpress\/wp-json\/wp\/v2\/types\/post"}],"author":[{"embeddable":true,"href":"https:\/\/www.ce-illkirch.fr\/wordpress\/wp-json\/wp\/v2\/users\/1"}],"replies":[{"embeddable":true,"href":"https:\/\/www.ce-illkirch.fr\/wordpress\/wp-json\/wp\/v2\/comments?post=5939"}],"version-history":[{"count":0,"href":"https:\/\/www.ce-illkirch.fr\/wordpress\/wp-json\/wp\/v2\/posts\/5939\/revisions"}],"wp:attachment":[{"href":"https:\/\/www.ce-illkirch.fr\/wordpress\/wp-json\/wp\/v2\/media?parent=5939"}],"wp:term":[{"taxonomy":"category","embeddable":true,"href":"https:\/\/www.ce-illkirch.fr\/wordpress\/wp-json\/wp\/v2\/categories?post=5939"},{"taxonomy":"post_tag","embeddable":true,"href":"https:\/\/www.ce-illkirch.fr\/wordpress\/wp-json\/wp\/v2\/tags?post=5939"}],"curies":[{"name":"wp","href":"https:\/\/api.w.org\/{rel}","templated":true}]}}