{"id":6680,"date":"2012-05-03T12:32:20","date_gmt":"2012-05-03T11:32:20","guid":{"rendered":"http:\/\/www.ce-illkirch.fr\/wordpress\/?p=6680"},"modified":"2022-12-09T17:56:28","modified_gmt":"2022-12-09T16:56:28","slug":"jrtt-developpement-durable-mettre-en-pratique-au-quotidien","status":"publish","type":"post","link":"https:\/\/www.ce-illkirch.fr\/wordpress\/2012\/05\/formation\/jrtt-developpement-durable-mettre-en-pratique-au-quotidien\/","title":{"rendered":"JRTT D\u00e9veloppement durable, mettre en pratique au quotidien"},"content":{"rendered":"<p>Ce stage de deux jours est propos\u00e9 par la DRH.<\/p>\n<p>Il s&rsquo;adresse \u00e0 toute personne souhaitant int\u00e9grer les <strong>bonnes pratiques <\/strong>du d\u00e9veloppement durable dans son activit\u00e9 quotidienne.<\/p>\n<p>Objectifs :<\/p>\n<ul>\n<li>d\u00e9couvrir et comprendre les principes et enjeux du d\u00e9veloppement durable<\/li>\n<li>acqu\u00e9rir les bases th\u00e9oriques et s&rsquo;approprier les concepts et outils<\/li>\n<li>s&rsquo;approprier le sens des \u00e9co-gestes et du d\u00e9veloppement durable en \u00e9tablissant des liens entre ses comportements, les outils \u00e0 disposition pour les mettre en \u0153uvre, ses pr\u00e9occupations personnelles, son \u00e9thique professionnelle et les enjeux environnementaux et citoyens.<\/li>\n<\/ul>\n<p>Il ne sera programm\u00e9 que <strong>si un nombre suffisant de personnes<\/strong> se d\u00e9clare int\u00e9ress\u00e9. N&rsquo;h\u00e9sitez pas \u00e0 contacter Martine Keim.<\/p>\n","protected":false},"excerpt":{"rendered":"<p>Ce stage de deux jours est propos\u00e9 par la DRH. Il s&rsquo;adresse \u00e0 toute personne souhaitant int\u00e9grer les bonnes pratiques du d\u00e9veloppement durable dans son activit\u00e9 quotidienne. Objectifs : d\u00e9couvrir [&hellip;]<\/p>\n","protected":false},"author":1,"featured_media":0,"comment_status":"open","ping_status":"closed","sticky":false,"template":"","format":"standard","meta":{"footnotes":""},"categories":[12],"tags":[],"class_list":["post-6680","post","type-post","status-publish","format-standard","hentry","category-formation"],"publishpress_future_action":{"enabled":false,"date":"2026-05-07 18:37:55","action":"category","newStatus":"draft","terms":[],"taxonomy":"category","extraData":[]},"publishpress_future_workflow_manual_trigger":{"enabledWorkflows":[]},"_links":{"self":[{"href":"https:\/\/www.ce-illkirch.fr\/wordpress\/wp-json\/wp\/v2\/posts\/6680","targetHints":{"allow":["GET"]}}],"collection":[{"href":"https:\/\/www.ce-illkirch.fr\/wordpress\/wp-json\/wp\/v2\/posts"}],"about":[{"href":"https:\/\/www.ce-illkirch.fr\/wordpress\/wp-json\/wp\/v2\/types\/post"}],"author":[{"embeddable":true,"href":"https:\/\/www.ce-illkirch.fr\/wordpress\/wp-json\/wp\/v2\/users\/1"}],"replies":[{"embeddable":true,"href":"https:\/\/www.ce-illkirch.fr\/wordpress\/wp-json\/wp\/v2\/comments?post=6680"}],"version-history":[{"count":1,"href":"https:\/\/www.ce-illkirch.fr\/wordpress\/wp-json\/wp\/v2\/posts\/6680\/revisions"}],"predecessor-version":[{"id":31947,"href":"https:\/\/www.ce-illkirch.fr\/wordpress\/wp-json\/wp\/v2\/posts\/6680\/revisions\/31947"}],"wp:attachment":[{"href":"https:\/\/www.ce-illkirch.fr\/wordpress\/wp-json\/wp\/v2\/media?parent=6680"}],"wp:term":[{"taxonomy":"category","embeddable":true,"href":"https:\/\/www.ce-illkirch.fr\/wordpress\/wp-json\/wp\/v2\/categories?post=6680"},{"taxonomy":"post_tag","embeddable":true,"href":"https:\/\/www.ce-illkirch.fr\/wordpress\/wp-json\/wp\/v2\/tags?post=6680"}],"curies":[{"name":"wp","href":"https:\/\/api.w.org\/{rel}","templated":true}]}}