{"id":6784,"date":"2012-05-22T09:37:57","date_gmt":"2012-05-22T08:37:57","guid":{"rendered":"http:\/\/www.ce-illkirch.fr\/wordpress\/?p=6784"},"modified":"2012-05-22T09:37:57","modified_gmt":"2012-05-22T08:37:57","slug":"alcatel-lucent-6e-place-au-challenge-velo","status":"publish","type":"post","link":"https:\/\/www.ce-illkirch.fr\/wordpress\/2012\/05\/scabsi\/alcatel-lucent-6e-place-au-challenge-velo\/","title":{"rendered":"Alcatel-Lucent : 6e place au challenge V\u00e9lo"},"content":{"rendered":"<p>Alcatel-Lucent obtient la  6<sup>e<\/sup> place avec 6,30% de cyclistes pendant la p\u00e9riode du Printemps du  V\u00e9lo.\u00a06<sup>e<\/sup> entreprise  sur 21 dans notre cat\u00e9gorie (plus de 250 employ\u00e9s), nous obtenons un score  honorable.\u00a0Les <a href=\"http:\/\/www.ce-illkirch.fr\/wordpress\/wp-content\/uploads\/challenge2012.pdf\" target=\"_blank\">r\u00e9sultats<\/a>.<\/p>\n<p>Nous sommes invit\u00e9s \u00e0  participer \u00e0 la remise des prix et au cocktail le Vendredi 1<sup>e <\/sup>juin \u00e0  18h \u00e0 la Salle Wenger Valentin CCI place Gutenberg.\u00a0Que ceux qui souhaitent  participer le signalent \u00e0 Rodolphe Dugue.<\/p>\n<p><strong>Merci \u00e0 tous pour votre  participation\u00a0!!!<\/strong><\/p>\n","protected":false},"excerpt":{"rendered":"<p>Alcatel-Lucent obtient la 6e place avec 6,30% de cyclistes pendant la p\u00e9riode du Printemps du V\u00e9lo.\u00a06e entreprise sur 21 dans notre cat\u00e9gorie (plus de 250 employ\u00e9s), nous obtenons un score [&hellip;]<\/p>\n","protected":false},"author":1,"featured_media":0,"comment_status":"open","ping_status":"closed","sticky":false,"template":"","format":"standard","meta":{"footnotes":""},"categories":[29,39],"tags":[],"class_list":["post-6784","post","type-post","status-publish","format-standard","hentry","category-scabsi","category-transport"],"publishpress_future_action":{"enabled":false,"date":"2026-05-08 07:53:42","action":"category","newStatus":"draft","terms":[],"taxonomy":"category","extraData":[]},"publishpress_future_workflow_manual_trigger":{"enabledWorkflows":[]},"_links":{"self":[{"href":"https:\/\/www.ce-illkirch.fr\/wordpress\/wp-json\/wp\/v2\/posts\/6784","targetHints":{"allow":["GET"]}}],"collection":[{"href":"https:\/\/www.ce-illkirch.fr\/wordpress\/wp-json\/wp\/v2\/posts"}],"about":[{"href":"https:\/\/www.ce-illkirch.fr\/wordpress\/wp-json\/wp\/v2\/types\/post"}],"author":[{"embeddable":true,"href":"https:\/\/www.ce-illkirch.fr\/wordpress\/wp-json\/wp\/v2\/users\/1"}],"replies":[{"embeddable":true,"href":"https:\/\/www.ce-illkirch.fr\/wordpress\/wp-json\/wp\/v2\/comments?post=6784"}],"version-history":[{"count":0,"href":"https:\/\/www.ce-illkirch.fr\/wordpress\/wp-json\/wp\/v2\/posts\/6784\/revisions"}],"wp:attachment":[{"href":"https:\/\/www.ce-illkirch.fr\/wordpress\/wp-json\/wp\/v2\/media?parent=6784"}],"wp:term":[{"taxonomy":"category","embeddable":true,"href":"https:\/\/www.ce-illkirch.fr\/wordpress\/wp-json\/wp\/v2\/categories?post=6784"},{"taxonomy":"post_tag","embeddable":true,"href":"https:\/\/www.ce-illkirch.fr\/wordpress\/wp-json\/wp\/v2\/tags?post=6784"}],"curies":[{"name":"wp","href":"https:\/\/api.w.org\/{rel}","templated":true}]}}