{"id":6796,"date":"2012-05-24T08:36:09","date_gmt":"2012-05-24T07:36:09","guid":{"rendered":"http:\/\/www.ce-illkirch.fr\/wordpress\/?p=6796"},"modified":"2012-05-24T08:36:09","modified_gmt":"2012-05-24T07:36:09","slug":"fete-de-la-musique","status":"publish","type":"post","link":"https:\/\/www.ce-illkirch.fr\/wordpress\/2012\/05\/bibliotheque\/fete-de-la-musique\/","title":{"rendered":"21 juin 2012 : FETE DE LA MUSIQUE"},"content":{"rendered":"<p><a href=\"http:\/\/www.ce-illkirch.fr\/wordpress\/wp-content\/uploads\/fete-de-la-musique-2012.jpg\"><img loading=\"lazy\" decoding=\"async\" class=\"alignleft size-medium wp-image-6797\" title=\"fete de la musique 2012\" src=\"http:\/\/www.ce-illkirch.fr\/wordpress\/wp-content\/uploads\/fete-de-la-musique-2012-212x300.jpg\" alt=\"\" width=\"212\" height=\"300\" \/><\/a>Ne ratez sous aucun pr\u00e9texte le\u00a0Voyage Musical en Martinique\u00a0propos\u00e9 par\u00a0Marc Zebina ainsi que le d\u00e9sormais traditionnel Concert de la Chorale du CE le 21 Juin d\u00e8s 12h30 \u00e0 l&rsquo;Amphi<\/p>\n","protected":false},"excerpt":{"rendered":"<p>Ne ratez sous aucun pr\u00e9texte le\u00a0Voyage Musical en Martinique\u00a0propos\u00e9 par\u00a0Marc Zebina ainsi que le d\u00e9sormais traditionnel Concert de la Chorale du CE le 21 Juin d\u00e8s 12h30 \u00e0 l&rsquo;Amphi<\/p>\n","protected":false},"author":1,"featured_media":0,"comment_status":"open","ping_status":"closed","sticky":false,"template":"","format":"standard","meta":{"footnotes":""},"categories":[5,51,16],"tags":[],"class_list":["post-6796","post","type-post","status-publish","format-standard","hentry","category-bibliotheque","category-groupe-vocal","category-loisirs"],"publishpress_future_action":{"enabled":false,"date":"2026-05-07 17:04:53","action":"category","newStatus":"draft","terms":[],"taxonomy":"category","extraData":[]},"publishpress_future_workflow_manual_trigger":{"enabledWorkflows":[]},"_links":{"self":[{"href":"https:\/\/www.ce-illkirch.fr\/wordpress\/wp-json\/wp\/v2\/posts\/6796","targetHints":{"allow":["GET"]}}],"collection":[{"href":"https:\/\/www.ce-illkirch.fr\/wordpress\/wp-json\/wp\/v2\/posts"}],"about":[{"href":"https:\/\/www.ce-illkirch.fr\/wordpress\/wp-json\/wp\/v2\/types\/post"}],"author":[{"embeddable":true,"href":"https:\/\/www.ce-illkirch.fr\/wordpress\/wp-json\/wp\/v2\/users\/1"}],"replies":[{"embeddable":true,"href":"https:\/\/www.ce-illkirch.fr\/wordpress\/wp-json\/wp\/v2\/comments?post=6796"}],"version-history":[{"count":0,"href":"https:\/\/www.ce-illkirch.fr\/wordpress\/wp-json\/wp\/v2\/posts\/6796\/revisions"}],"wp:attachment":[{"href":"https:\/\/www.ce-illkirch.fr\/wordpress\/wp-json\/wp\/v2\/media?parent=6796"}],"wp:term":[{"taxonomy":"category","embeddable":true,"href":"https:\/\/www.ce-illkirch.fr\/wordpress\/wp-json\/wp\/v2\/categories?post=6796"},{"taxonomy":"post_tag","embeddable":true,"href":"https:\/\/www.ce-illkirch.fr\/wordpress\/wp-json\/wp\/v2\/tags?post=6796"}],"curies":[{"name":"wp","href":"https:\/\/api.w.org\/{rel}","templated":true}]}}