{"id":7019,"date":"2012-07-06T08:16:20","date_gmt":"2012-07-06T07:16:20","guid":{"rendered":"http:\/\/www.ce-illkirch.fr\/wordpress\/?p=7019"},"modified":"2022-12-09T18:03:30","modified_gmt":"2022-12-09T17:03:30","slug":"presentation-velo-electrique","status":"publish","type":"post","link":"https:\/\/www.ce-illkirch.fr\/wordpress\/2012\/07\/transport\/presentation-velo-electrique\/","title":{"rendered":"Un v\u00e9lo \u00e9lectrique \u00e0 louer au CSE !"},"content":{"rendered":"<p><a href=\"http:\/\/www.ce-illkirch.fr\/wordpress\/wp-content\/uploads\/velovae_alcatel1.jpg\"><img loading=\"lazy\" decoding=\"async\" class=\"alignleft size-full wp-image-7127\" title=\"velovae_alcatel\" src=\"http:\/\/www.ce-illkirch.fr\/wordpress\/wp-content\/uploads\/velovae_alcatel1.jpg\" alt=\"\" width=\"295\" height=\"221\" \/><\/a>Le CSE a gagn\u00e9 un V\u00e9lo \u00e0 assistance \u00e9lectrique et vous le propose \u00e0 la location.<\/p>\n<p><strong><span style=\"color: #008000;\">Venez le r\u00e9server au CSE pendant les permanences billetterie.<br \/>\n<\/span><\/strong><\/p>\n<p><strong><span style=\"color: #000000;\"><a href=\"https:\/\/www.ce-illkirch.fr\/wordpress\/transport\/velo-electrique\/\" target=\"_blank\" rel=\"noopener\">tous les d\u00e9tails dans la rubrique Transport \/ v\u00e9lo \u00e9lectrique<br \/>\n<\/a><\/span><\/strong><\/p>\n","protected":false},"excerpt":{"rendered":"<p>Le CSE a gagn\u00e9 un V\u00e9lo \u00e0 assistance \u00e9lectrique et vous le propose \u00e0 la location. Venez le r\u00e9server au CSE pendant les permanences billetterie. tous les d\u00e9tails dans la [&hellip;]<\/p>\n","protected":false},"author":1,"featured_media":0,"comment_status":"open","ping_status":"closed","sticky":false,"template":"","format":"standard","meta":{"footnotes":""},"categories":[39],"tags":[],"class_list":["post-7019","post","type-post","status-publish","format-standard","hentry","category-transport"],"publishpress_future_action":{"enabled":false,"date":"2026-05-08 06:15:55","action":"category","newStatus":"draft","terms":[],"taxonomy":"category","extraData":[]},"publishpress_future_workflow_manual_trigger":{"enabledWorkflows":[]},"_links":{"self":[{"href":"https:\/\/www.ce-illkirch.fr\/wordpress\/wp-json\/wp\/v2\/posts\/7019","targetHints":{"allow":["GET"]}}],"collection":[{"href":"https:\/\/www.ce-illkirch.fr\/wordpress\/wp-json\/wp\/v2\/posts"}],"about":[{"href":"https:\/\/www.ce-illkirch.fr\/wordpress\/wp-json\/wp\/v2\/types\/post"}],"author":[{"embeddable":true,"href":"https:\/\/www.ce-illkirch.fr\/wordpress\/wp-json\/wp\/v2\/users\/1"}],"replies":[{"embeddable":true,"href":"https:\/\/www.ce-illkirch.fr\/wordpress\/wp-json\/wp\/v2\/comments?post=7019"}],"version-history":[{"count":2,"href":"https:\/\/www.ce-illkirch.fr\/wordpress\/wp-json\/wp\/v2\/posts\/7019\/revisions"}],"predecessor-version":[{"id":31954,"href":"https:\/\/www.ce-illkirch.fr\/wordpress\/wp-json\/wp\/v2\/posts\/7019\/revisions\/31954"}],"wp:attachment":[{"href":"https:\/\/www.ce-illkirch.fr\/wordpress\/wp-json\/wp\/v2\/media?parent=7019"}],"wp:term":[{"taxonomy":"category","embeddable":true,"href":"https:\/\/www.ce-illkirch.fr\/wordpress\/wp-json\/wp\/v2\/categories?post=7019"},{"taxonomy":"post_tag","embeddable":true,"href":"https:\/\/www.ce-illkirch.fr\/wordpress\/wp-json\/wp\/v2\/tags?post=7019"}],"curies":[{"name":"wp","href":"https:\/\/api.w.org\/{rel}","templated":true}]}}