{"id":7439,"date":"2012-09-18T08:18:58","date_gmt":"2012-09-18T07:18:58","guid":{"rendered":"http:\/\/www.ce-illkirch.fr\/wordpress\/?p=7439"},"modified":"2026-04-14T11:29:06","modified_gmt":"2026-04-14T09:29:06","slug":"semaine-europeenne-de-la-mobilite","status":"publish","type":"post","link":"https:\/\/www.ce-illkirch.fr\/wordpress\/2012\/09\/ecologie\/semaine-europeenne-de-la-mobilite\/","title":{"rendered":"Semaine europ\u00e9enne de la mobilit\u00e9"},"content":{"rendered":"<p><a href=\"http:\/\/www.ce-illkirch.fr\/wordpress\/wp-content\/uploads\/BougezAutrement_2012.jpg\"><img loading=\"lazy\" decoding=\"async\" class=\"alignleft size-full wp-image-7442\" title=\"BougezAutrement_2012\" src=\"http:\/\/www.ce-illkirch.fr\/wordpress\/wp-content\/uploads\/BougezAutrement_2012.jpg\" alt=\"\" width=\"150\" height=\"79\" \/><\/a> Vous trouvez l&rsquo;essence ch\u00e8re ? Vous en avez assez de bouchonner seul dans votre voiture tous les matins ? La commission Transport du CE vous propose de tester des solutions alternatives :<\/p>\n<p>&#8211; <strong>Covoiturage <\/strong>: inscrivez-vous sur le site <strong><a href=\"https:\/\/www.alcatel-lucent-covoiturage.fr\">http:\/\/www.alcatel-lucent-covoiturage.fr<\/a>\/ <\/strong><\/p>\n<p><strong>&#8211; Transports en commun : <\/strong>l&rsquo;entreprise vous<strong> rembourse 50% de l&rsquo;abonnement. <\/strong>Le site<br \/>\n<strong><a href=\"http:\/\/www.vialsace.eu\">http:\/\/www.vialsace.eu<\/a>\/ <\/strong>vous aide \u00e0 trouver la combinaison optimale et vous indique le temps n\u00e9cessaire.<\/p>\n<p><strong>&#8211; V\u00e9lo : les cartes de parcours cyclables <\/strong>sont disponibles au CE,<br \/>\n<a href=\"http:\/\/www.vialsace.eu\"><strong>http:\/\/www.vialsace.eu<\/strong><\/a> estime le temps n\u00e9cessaire.<\/p>\n<p><strong>&#8211; V\u00e9lo \u00e0 assistance \u00e9lectrique : <\/strong>vous habitez un peu loin ? Venez l&rsquo;essayer : <strong>5\u20ac par jour<\/strong>, 10\u20ac le week-end.<strong><\/strong><\/p>\n<p>La <a href=\"https:\/\/www.agissons.developpement-durable.gouv.fr\/-La-Semaine-europeenne-de-la-\">semaine europ\u00e9enne de la mobilit\u00e9<\/a> se d\u00e9roule en ce moment, faites-nous part de vos exp\u00e9riences !<strong><br \/>\n<\/strong><\/p>\n","protected":false},"excerpt":{"rendered":"<p>Vous trouvez l&rsquo;essence ch\u00e8re ? Vous en avez assez de bouchonner seul dans votre voiture tous les matins ? La commission Transport du CE vous propose de tester des solutions [&hellip;]<\/p>\n","protected":false},"author":1,"featured_media":0,"comment_status":"open","ping_status":"closed","sticky":false,"template":"","format":"standard","meta":{"footnotes":""},"categories":[10,39],"tags":[],"class_list":["post-7439","post","type-post","status-publish","format-standard","hentry","category-ecologie","category-transport"],"publishpress_future_action":{"enabled":false,"date":"2026-05-08 06:14:09","action":"category","newStatus":"draft","terms":[],"taxonomy":"category","extraData":[]},"publishpress_future_workflow_manual_trigger":{"enabledWorkflows":[]},"_links":{"self":[{"href":"https:\/\/www.ce-illkirch.fr\/wordpress\/wp-json\/wp\/v2\/posts\/7439","targetHints":{"allow":["GET"]}}],"collection":[{"href":"https:\/\/www.ce-illkirch.fr\/wordpress\/wp-json\/wp\/v2\/posts"}],"about":[{"href":"https:\/\/www.ce-illkirch.fr\/wordpress\/wp-json\/wp\/v2\/types\/post"}],"author":[{"embeddable":true,"href":"https:\/\/www.ce-illkirch.fr\/wordpress\/wp-json\/wp\/v2\/users\/1"}],"replies":[{"embeddable":true,"href":"https:\/\/www.ce-illkirch.fr\/wordpress\/wp-json\/wp\/v2\/comments?post=7439"}],"version-history":[{"count":3,"href":"https:\/\/www.ce-illkirch.fr\/wordpress\/wp-json\/wp\/v2\/posts\/7439\/revisions"}],"predecessor-version":[{"id":39297,"href":"https:\/\/www.ce-illkirch.fr\/wordpress\/wp-json\/wp\/v2\/posts\/7439\/revisions\/39297"}],"wp:attachment":[{"href":"https:\/\/www.ce-illkirch.fr\/wordpress\/wp-json\/wp\/v2\/media?parent=7439"}],"wp:term":[{"taxonomy":"category","embeddable":true,"href":"https:\/\/www.ce-illkirch.fr\/wordpress\/wp-json\/wp\/v2\/categories?post=7439"},{"taxonomy":"post_tag","embeddable":true,"href":"https:\/\/www.ce-illkirch.fr\/wordpress\/wp-json\/wp\/v2\/tags?post=7439"}],"curies":[{"name":"wp","href":"https:\/\/api.w.org\/{rel}","templated":true}]}}