{"id":7535,"date":"2012-10-01T20:17:27","date_gmt":"2012-10-01T19:17:27","guid":{"rendered":"http:\/\/www.ce-illkirch.fr\/wordpress\/?p=7535"},"modified":"2023-01-30T17:45:36","modified_gmt":"2023-01-30T16:45:36","slug":"elections-cedp-mardi-9-octobre","status":"publish","type":"post","link":"https:\/\/www.ce-illkirch.fr\/wordpress\/2012\/10\/non-classe\/elections-cedp-mardi-9-octobre\/","title":{"rendered":"Elections CE\/DP mardi 9 octobre"},"content":{"rendered":"<p>Mardi 9 octobre 2012, vou<a href=\"http:\/\/www.ce-illkirch.fr\/wordpress\/wp-content\/uploads\/image_vote.jpg\"><img loading=\"lazy\" decoding=\"async\" class=\"alignleft size-full wp-image-7536\" title=\"AGE_JOU_COMITEPECHE\" src=\"http:\/\/www.ce-illkirch.fr\/wordpress\/wp-content\/uploads\/image_vote.jpg\" alt=\"\" width=\"223\" height=\"126\" \/><\/a>s \u00e9lirez pour 3 ans vos repr\u00e9sentants au Comit\u00e9 d&rsquo;\u00e9tablissement ainsi que les D\u00e9l\u00e9gu\u00e9s du Personnel.<\/p>\n<p>Le bureau de vote sera ouvert de 9h \u00e0 16h dans la Rue.<\/p>\n<p>Les personnes absentes le 9 octobre sont invit\u00e9es \u00e0 se faire conna\u00eetre aupr\u00e8s de la DRH pour pouvoir <span style=\"text-decoration: underline;\">voter par correspondance<\/span>, m\u00eame si elles connaissent tardivement leur absence.<\/p>\n<p><strong>Le mandat que vous donnerez \u00e0 vos \u00e9lus sera d&rsquo;autant plus solide que la participation sera forte. Votez !!<\/strong><\/p>\n","protected":false},"excerpt":{"rendered":"<p>Mardi 9 octobre 2012, vous \u00e9lirez pour 3 ans vos repr\u00e9sentants au Comit\u00e9 d&rsquo;\u00e9tablissement ainsi que les D\u00e9l\u00e9gu\u00e9s du Personnel. Le bureau de vote sera ouvert de 9h \u00e0 16h [&hellip;]<\/p>\n","protected":false},"author":1,"featured_media":0,"comment_status":"open","ping_status":"closed","sticky":false,"template":"","format":"standard","meta":{"footnotes":""},"categories":[1,32],"tags":[],"class_list":["post-7535","post","type-post","status-publish","format-standard","hentry","category-non-classe","category-site-ale"],"publishpress_future_action":{"enabled":false,"date":"2026-05-07 17:18:48","action":"category","newStatus":"draft","terms":[],"taxonomy":"category","extraData":[]},"publishpress_future_workflow_manual_trigger":{"enabledWorkflows":[]},"_links":{"self":[{"href":"https:\/\/www.ce-illkirch.fr\/wordpress\/wp-json\/wp\/v2\/posts\/7535","targetHints":{"allow":["GET"]}}],"collection":[{"href":"https:\/\/www.ce-illkirch.fr\/wordpress\/wp-json\/wp\/v2\/posts"}],"about":[{"href":"https:\/\/www.ce-illkirch.fr\/wordpress\/wp-json\/wp\/v2\/types\/post"}],"author":[{"embeddable":true,"href":"https:\/\/www.ce-illkirch.fr\/wordpress\/wp-json\/wp\/v2\/users\/1"}],"replies":[{"embeddable":true,"href":"https:\/\/www.ce-illkirch.fr\/wordpress\/wp-json\/wp\/v2\/comments?post=7535"}],"version-history":[{"count":2,"href":"https:\/\/www.ce-illkirch.fr\/wordpress\/wp-json\/wp\/v2\/posts\/7535\/revisions"}],"predecessor-version":[{"id":32240,"href":"https:\/\/www.ce-illkirch.fr\/wordpress\/wp-json\/wp\/v2\/posts\/7535\/revisions\/32240"}],"wp:attachment":[{"href":"https:\/\/www.ce-illkirch.fr\/wordpress\/wp-json\/wp\/v2\/media?parent=7535"}],"wp:term":[{"taxonomy":"category","embeddable":true,"href":"https:\/\/www.ce-illkirch.fr\/wordpress\/wp-json\/wp\/v2\/categories?post=7535"},{"taxonomy":"post_tag","embeddable":true,"href":"https:\/\/www.ce-illkirch.fr\/wordpress\/wp-json\/wp\/v2\/tags?post=7535"}],"curies":[{"name":"wp","href":"https:\/\/api.w.org\/{rel}","templated":true}]}}