{"id":7888,"date":"2012-11-16T08:35:32","date_gmt":"2012-11-16T07:35:32","guid":{"rendered":"http:\/\/www.ce-illkirch.fr\/wordpress\/?p=7888"},"modified":"2012-11-16T08:35:32","modified_gmt":"2012-11-16T07:35:32","slug":"bandes-dessinees-news","status":"publish","type":"post","link":"https:\/\/www.ce-illkirch.fr\/wordpress\/2012\/11\/non-classe\/bandes-dessinees-news\/","title":{"rendered":"Bandes dessin\u00e9es NEWS"},"content":{"rendered":"<p><a href=\"http:\/\/www.ce-illkirch.fr\/wordpress\/wp-content\/uploads\/alter-ego.jpg\"><img loading=\"lazy\" decoding=\"async\" class=\"alignleft size-full wp-image-7906\" title=\"alter ego\" src=\"http:\/\/www.ce-illkirch.fr\/wordpress\/wp-content\/uploads\/alter-ego.jpg\" alt=\"\" width=\"191\" height=\"264\" \/><\/a>Venez d\u00e9couvrir le classement du Prix BD IRCOS \u00e0 la Biblioth\u00e8que et vous r\u00e9galer avec les derni\u00e8res nouvelles !!<\/p>\n","protected":false},"excerpt":{"rendered":"<p>Venez d\u00e9couvrir le classement du Prix BD IRCOS \u00e0 la Biblioth\u00e8que et vous r\u00e9galer avec les derni\u00e8res nouvelles !!<\/p>\n","protected":false},"author":1,"featured_media":0,"comment_status":"open","ping_status":"closed","sticky":false,"template":"","format":"standard","meta":{"footnotes":""},"categories":[5,1,24],"tags":[],"class_list":["post-7888","post","type-post","status-publish","format-standard","hentry","category-bibliotheque","category-non-classe","category-prix-bd"],"publishpress_future_action":{"enabled":false,"date":"2026-05-08 14:27:54","action":"category","newStatus":"draft","terms":[],"taxonomy":"category","extraData":[]},"publishpress_future_workflow_manual_trigger":{"enabledWorkflows":[]},"_links":{"self":[{"href":"https:\/\/www.ce-illkirch.fr\/wordpress\/wp-json\/wp\/v2\/posts\/7888","targetHints":{"allow":["GET"]}}],"collection":[{"href":"https:\/\/www.ce-illkirch.fr\/wordpress\/wp-json\/wp\/v2\/posts"}],"about":[{"href":"https:\/\/www.ce-illkirch.fr\/wordpress\/wp-json\/wp\/v2\/types\/post"}],"author":[{"embeddable":true,"href":"https:\/\/www.ce-illkirch.fr\/wordpress\/wp-json\/wp\/v2\/users\/1"}],"replies":[{"embeddable":true,"href":"https:\/\/www.ce-illkirch.fr\/wordpress\/wp-json\/wp\/v2\/comments?post=7888"}],"version-history":[{"count":0,"href":"https:\/\/www.ce-illkirch.fr\/wordpress\/wp-json\/wp\/v2\/posts\/7888\/revisions"}],"wp:attachment":[{"href":"https:\/\/www.ce-illkirch.fr\/wordpress\/wp-json\/wp\/v2\/media?parent=7888"}],"wp:term":[{"taxonomy":"category","embeddable":true,"href":"https:\/\/www.ce-illkirch.fr\/wordpress\/wp-json\/wp\/v2\/categories?post=7888"},{"taxonomy":"post_tag","embeddable":true,"href":"https:\/\/www.ce-illkirch.fr\/wordpress\/wp-json\/wp\/v2\/tags?post=7888"}],"curies":[{"name":"wp","href":"https:\/\/api.w.org\/{rel}","templated":true}]}}