{"id":7957,"date":"2013-11-14T15:37:20","date_gmt":"2013-11-14T14:37:20","guid":{"rendered":"http:\/\/www.ce-illkirch.fr\/wordpress\/?p=7957"},"modified":"2013-11-14T15:37:20","modified_gmt":"2013-11-14T14:37:20","slug":"nouveau-tarif-location-du-velo-a-assistance-electrique","status":"publish","type":"post","link":"https:\/\/www.ce-illkirch.fr\/wordpress\/2013\/11\/non-classe\/nouveau-tarif-location-du-velo-a-assistance-electrique\/","title":{"rendered":"Tarif \u00ab\u00a0hiver\u00a0\u00bb Location du V\u00e9lo \u00e0 Assistance Electrique"},"content":{"rendered":"<p><a href=\"http:\/\/www.ce-illkirch.fr\/wordpress\/wp-content\/uploads\/velovae_alcatel2.jpg\"><img loading=\"lazy\" decoding=\"async\" class=\"alignleft size-thumbnail wp-image-7965\" title=\"velovae_alcatel\" alt=\"\" src=\"http:\/\/www.ce-illkirch.fr\/wordpress\/wp-content\/uploads\/velovae_alcatel2-150x150.jpg\" width=\"150\" height=\"150\" \/><\/a><strong><em>\u00a0Pour 1\u20ac (mais sans les gants)\u00a0!<\/em><\/strong><\/p>\n<p><em>\u00a0<\/em><\/p>\n<p><strong><em>1\u20ac\u00a0par p\u00e9riode * : c\u2019est la somme symbolique que demande votre CE <\/em><\/strong><\/p>\n<p><strong><em>pour la location du v\u00e9lo \u00e0 assistance \u00e9lectrique durant la p\u00e9riode hivernale**<\/em><\/strong><\/p>\n<p><em>\u00a0<\/em><\/p>\n<p><em>Parce que m\u00eame en hiver, le v\u00e9lo reste une alternative \u00e0 la voiture pour \u00e9viter les bouchons.<\/em><\/p>\n<p><em>Et pour encourager les plus courageux, le CE applique un tarif sans concurrence.<\/em><\/p>\n<p><em>\u00a0<\/em><\/p>\n<p><em>*\u00a0\u00a0 : p\u00e9riodes = du lundi au vendredi\u00a0 et\/ou \u00a0du vendredi au lundi.<\/em><\/p>\n<p style=\"text-align: left;\"><em>**\u00a0: p\u00e9riode hivernale : du<\/em>\u00a015 novembre au 21 mars<\/p>\n<p style=\"text-align: left;\"><em>\u00a0<\/em><\/p>\n","protected":false},"excerpt":{"rendered":"<p>\u00a0Pour 1\u20ac (mais sans les gants)\u00a0! \u00a0 1\u20ac\u00a0par p\u00e9riode * : c\u2019est la somme symbolique que demande votre CE pour la location du v\u00e9lo \u00e0 assistance \u00e9lectrique durant la p\u00e9riode [&hellip;]<\/p>\n","protected":false},"author":1,"featured_media":0,"comment_status":"open","ping_status":"closed","sticky":false,"template":"","format":"standard","meta":{"footnotes":""},"categories":[1,39],"tags":[],"class_list":["post-7957","post","type-post","status-publish","format-standard","hentry","category-non-classe","category-transport"],"publishpress_future_action":{"enabled":false,"date":"2026-05-08 01:44:42","action":"category","newStatus":"draft","terms":[],"taxonomy":"category","extraData":[]},"publishpress_future_workflow_manual_trigger":{"enabledWorkflows":[]},"_links":{"self":[{"href":"https:\/\/www.ce-illkirch.fr\/wordpress\/wp-json\/wp\/v2\/posts\/7957","targetHints":{"allow":["GET"]}}],"collection":[{"href":"https:\/\/www.ce-illkirch.fr\/wordpress\/wp-json\/wp\/v2\/posts"}],"about":[{"href":"https:\/\/www.ce-illkirch.fr\/wordpress\/wp-json\/wp\/v2\/types\/post"}],"author":[{"embeddable":true,"href":"https:\/\/www.ce-illkirch.fr\/wordpress\/wp-json\/wp\/v2\/users\/1"}],"replies":[{"embeddable":true,"href":"https:\/\/www.ce-illkirch.fr\/wordpress\/wp-json\/wp\/v2\/comments?post=7957"}],"version-history":[{"count":0,"href":"https:\/\/www.ce-illkirch.fr\/wordpress\/wp-json\/wp\/v2\/posts\/7957\/revisions"}],"wp:attachment":[{"href":"https:\/\/www.ce-illkirch.fr\/wordpress\/wp-json\/wp\/v2\/media?parent=7957"}],"wp:term":[{"taxonomy":"category","embeddable":true,"href":"https:\/\/www.ce-illkirch.fr\/wordpress\/wp-json\/wp\/v2\/categories?post=7957"},{"taxonomy":"post_tag","embeddable":true,"href":"https:\/\/www.ce-illkirch.fr\/wordpress\/wp-json\/wp\/v2\/tags?post=7957"}],"curies":[{"name":"wp","href":"https:\/\/api.w.org\/{rel}","templated":true}]}}