{"id":8192,"date":"2013-01-11T09:55:25","date_gmt":"2013-01-11T08:55:25","guid":{"rendered":"http:\/\/www.ce-illkirch.fr\/wordpress\/?p=8192"},"modified":"2013-01-11T09:55:25","modified_gmt":"2013-01-11T08:55:25","slug":"chers-lectrices-et-lecteurs-du-prix-completement-livres","status":"publish","type":"post","link":"https:\/\/www.ce-illkirch.fr\/wordpress\/2013\/01\/bibliotheque\/chers-lectrices-et-lecteurs-du-prix-completement-livres\/","title":{"rendered":"Chers lectrices et lecteurs du prix \u00ab\u00a0Compl\u00e8tement Livres !\u00a0\u00bb&#8230;.."},"content":{"rendered":"<p><img loading=\"lazy\" decoding=\"async\" class=\"alignleft size-full wp-image-8193\" alt=\"caf\u00e9 litt\u00e9raire\" src=\"http:\/\/www.ce-illkirch.fr\/wordpress\/wp-content\/uploads\/caf\u00e9-litt\u00e9raire.jpg\" width=\"165\" height=\"158\" \/>Vous \u00eates chaleureusement convi\u00e9s \u00e0 une galette des rois et quelques bulles le vendredi 18 Janvier \u00e0 12h30 en salle de r\u00e9union Espace Image \u00e0 c\u00f4t\u00e9 de la Biblioth\u00e8que pour un caf\u00e9 litt\u00e9raire.<\/p>\n<p>EveLine nous communiquera le laur\u00e9at\u00a0du prix 2012 et nous pr\u00e9sentera la s\u00e9lection 2013.<\/p>\n<p>Si vous avez particuli\u00e8rement appr\u00e9ci\u00e9 un ouvrage ou si vous souhaitez l&rsquo;offrir, nous vous rappelons que les livres du prix 2012 sont vendus \u00e0 la moiti\u00e9 de leur prix.<\/p>\n<p>&nbsp;<\/p>\n","protected":false},"excerpt":{"rendered":"<p>Vous \u00eates chaleureusement convi\u00e9s \u00e0 une galette des rois et quelques bulles le vendredi 18 Janvier \u00e0 12h30 en salle de r\u00e9union Espace Image \u00e0 c\u00f4t\u00e9 de la Biblioth\u00e8que pour [&hellip;]<\/p>\n","protected":false},"author":1,"featured_media":0,"comment_status":"open","ping_status":"closed","sticky":false,"template":"","format":"standard","meta":{"footnotes":""},"categories":[5,25],"tags":[],"class_list":["post-8192","post","type-post","status-publish","format-standard","hentry","category-bibliotheque","category-prix-litteraire-bibliotheque"],"publishpress_future_action":{"enabled":false,"date":"2026-05-10 10:59:53","action":"category","newStatus":"draft","terms":[],"taxonomy":"category","extraData":[]},"publishpress_future_workflow_manual_trigger":{"enabledWorkflows":[]},"_links":{"self":[{"href":"https:\/\/www.ce-illkirch.fr\/wordpress\/wp-json\/wp\/v2\/posts\/8192","targetHints":{"allow":["GET"]}}],"collection":[{"href":"https:\/\/www.ce-illkirch.fr\/wordpress\/wp-json\/wp\/v2\/posts"}],"about":[{"href":"https:\/\/www.ce-illkirch.fr\/wordpress\/wp-json\/wp\/v2\/types\/post"}],"author":[{"embeddable":true,"href":"https:\/\/www.ce-illkirch.fr\/wordpress\/wp-json\/wp\/v2\/users\/1"}],"replies":[{"embeddable":true,"href":"https:\/\/www.ce-illkirch.fr\/wordpress\/wp-json\/wp\/v2\/comments?post=8192"}],"version-history":[{"count":0,"href":"https:\/\/www.ce-illkirch.fr\/wordpress\/wp-json\/wp\/v2\/posts\/8192\/revisions"}],"wp:attachment":[{"href":"https:\/\/www.ce-illkirch.fr\/wordpress\/wp-json\/wp\/v2\/media?parent=8192"}],"wp:term":[{"taxonomy":"category","embeddable":true,"href":"https:\/\/www.ce-illkirch.fr\/wordpress\/wp-json\/wp\/v2\/categories?post=8192"},{"taxonomy":"post_tag","embeddable":true,"href":"https:\/\/www.ce-illkirch.fr\/wordpress\/wp-json\/wp\/v2\/tags?post=8192"}],"curies":[{"name":"wp","href":"https:\/\/api.w.org\/{rel}","templated":true}]}}