{"id":8199,"date":"2017-07-09T08:04:14","date_gmt":"2017-07-09T07:04:14","guid":{"rendered":"http:\/\/www.ce-illkirch.fr\/wordpress\/?p=8199"},"modified":"2023-07-06T13:21:40","modified_gmt":"2023-07-06T11:21:40","slug":"le-dernier-numero-des-quatre-saisons-est-paru","status":"publish","type":"post","link":"https:\/\/www.ce-illkirch.fr\/wordpress\/2017\/07\/bibliotheque\/le-dernier-numero-des-quatre-saisons-est-paru\/","title":{"rendered":"Le dernier num\u00e9ro des Quatre Saisons est arriv\u00e9 !"},"content":{"rendered":"<p><strong><a href=\"http:\/\/www.ce-illkirch.fr\/wordpress\/wp-content\/uploads\/4Saisons_couv_06_2017.png\"><img loading=\"lazy\" decoding=\"async\" class=\"alignleft size-full wp-image-20123\" src=\"http:\/\/www.ce-illkirch.fr\/wordpress\/wp-content\/uploads\/4Saisons_couv_06_2017.png\" alt=\"4Saisons_couv_06_2017\" width=\"208\" height=\"264\" \/><\/a>&#8230; et vous attend \u00e0 la biblioth\u00e8que du CE.<\/strong><\/p>\n<p><span style=\"color: #e94282;\">Dossier <\/span><br \/>\n<span style=\"color: #4e3326;\">Jardin sauvage : pour un jardin po\u00e9tique et durable<\/span><\/p>\n<ul>\n<li>Sauvages auxiliaires<\/li>\n<li>Jardin de Sauveterre : sauvageonnes en mosa\u00efque<\/li>\n<li>Multiplier les plantes sauvages<\/li>\n<\/ul>\n<p><span style=\"color: #e94282;\">Potager<\/span><br \/>\n<span style=\"color: #4e3326;\">Courgettes et cressons font dans l\u2019originalit\u00e9<\/span><\/p>\n<p><span style=\"color: #e94282;\">Cuisine<\/span><br \/>\nCroquez du cru !<\/p>\n<p><span style=\"color: #e94282;\">Pratique<\/span><br \/>\nL\u2019art de la vannerie<\/p>\n<p><span style=\"color: #e94282;\">Alternatives <\/span><br \/>\n<span style=\"color: #4e3326;\">Accoucher chez soi<\/span><br \/>\n\u00a0<\/p>\n","protected":false},"excerpt":{"rendered":"<p>&#8230; et vous attend \u00e0 la biblioth\u00e8que du CE. Dossier Jardin sauvage : pour un jardin po\u00e9tique et durable Sauvages auxiliaires Jardin de Sauveterre : sauvageonnes en mosa\u00efque Multiplier les [&hellip;]<\/p>\n","protected":false},"author":1,"featured_media":0,"comment_status":"open","ping_status":"closed","sticky":false,"template":"","format":"standard","meta":{"footnotes":""},"categories":[5,10],"tags":[],"class_list":["post-8199","post","type-post","status-publish","format-standard","hentry","category-bibliotheque","category-ecologie"],"publishpress_future_action":{"enabled":false,"date":"2026-05-08 03:11:47","action":"category","newStatus":"draft","terms":[],"taxonomy":"category","extraData":[]},"publishpress_future_workflow_manual_trigger":{"enabledWorkflows":[]},"_links":{"self":[{"href":"https:\/\/www.ce-illkirch.fr\/wordpress\/wp-json\/wp\/v2\/posts\/8199","targetHints":{"allow":["GET"]}}],"collection":[{"href":"https:\/\/www.ce-illkirch.fr\/wordpress\/wp-json\/wp\/v2\/posts"}],"about":[{"href":"https:\/\/www.ce-illkirch.fr\/wordpress\/wp-json\/wp\/v2\/types\/post"}],"author":[{"embeddable":true,"href":"https:\/\/www.ce-illkirch.fr\/wordpress\/wp-json\/wp\/v2\/users\/1"}],"replies":[{"embeddable":true,"href":"https:\/\/www.ce-illkirch.fr\/wordpress\/wp-json\/wp\/v2\/comments?post=8199"}],"version-history":[{"count":2,"href":"https:\/\/www.ce-illkirch.fr\/wordpress\/wp-json\/wp\/v2\/posts\/8199\/revisions"}],"predecessor-version":[{"id":33490,"href":"https:\/\/www.ce-illkirch.fr\/wordpress\/wp-json\/wp\/v2\/posts\/8199\/revisions\/33490"}],"wp:attachment":[{"href":"https:\/\/www.ce-illkirch.fr\/wordpress\/wp-json\/wp\/v2\/media?parent=8199"}],"wp:term":[{"taxonomy":"category","embeddable":true,"href":"https:\/\/www.ce-illkirch.fr\/wordpress\/wp-json\/wp\/v2\/categories?post=8199"},{"taxonomy":"post_tag","embeddable":true,"href":"https:\/\/www.ce-illkirch.fr\/wordpress\/wp-json\/wp\/v2\/tags?post=8199"}],"curies":[{"name":"wp","href":"https:\/\/api.w.org\/{rel}","templated":true}]}}