{"id":8422,"date":"2024-10-10T13:58:28","date_gmt":"2024-10-10T11:58:28","guid":{"rendered":"http:\/\/www.ce-illkirch.fr\/wordpress\/?p=8422"},"modified":"2024-10-10T13:57:54","modified_gmt":"2024-10-10T11:57:54","slug":"tarifs-piscine-cus","status":"publish","type":"post","link":"https:\/\/www.ce-illkirch.fr\/wordpress\/2024\/10\/billet\/tarifs-piscine-cus\/","title":{"rendered":"Tarifs piscine CUS + bains municipaux"},"content":{"rendered":"<ul>\n<li id=\"activity-title\" data-bookmark-type=\"title\" data-bookmark-id=\"296702\">\n<h3><b>ATTENTION : \u00e0 compter du 1er octobre 2024, la Ville et l&rsquo;Eurom\u00e9tropole de Strasbourg ont mis en \u0153uvre une r\u00e9forme tarifaire et ne proposera plus de tarifs r\u00e9duits pour les CSE. La r\u00e9forme vise \u00e0 proposer des tarifs plus justes par une extension de la tarification solidaire, bas\u00e9e sur le quotient familial. Vous trouverez plus d&rsquo;informations sur la tarification solidaire via <a href=\"http:\/\/www.strasbourg.eu\/tarification-solidaire\" target=\"_blank\" rel=\"noopener\">ce lien<\/a>.<\/b><\/p>\n<p>Cezam Grand Est propose toujours de la billetterie pour les Bains Municipaux de Strasbourg, <a href=\"https:\/\/www.cezam.fr\/billetterie?recherche=Bains+Municipaux+de+Strasbourg&amp;dates_period=P%C3%A9riode&amp;id_theme=&amp;id_region=&amp;id_departement=&amp;start_date=&amp;end_date=&amp;access_mode=&amp;facets_order=#search-form\" target=\"_self\" rel=\"noopener\">disponible en cliquant ici<\/a>.<\/h3>\n<\/li>\n<\/ul>\n<p>&nbsp;<\/p>\n<p><strong><span style=\"color: #ff0000;\">\u00a0<\/span><\/strong><\/p>\n","protected":false},"excerpt":{"rendered":"<p>ATTENTION : \u00e0 compter du 1er octobre 2024, la Ville et l&rsquo;Eurom\u00e9tropole de Strasbourg ont mis en \u0153uvre une r\u00e9forme tarifaire et ne proposera plus de tarifs r\u00e9duits pour les [&hellip;]<\/p>\n","protected":false},"author":1,"featured_media":30239,"comment_status":"open","ping_status":"closed","sticky":false,"template":"","format":"standard","meta":{"footnotes":""},"categories":[6,29],"tags":[],"class_list":["post-8422","post","type-post","status-publish","format-standard","has-post-thumbnail","hentry","category-billet","category-scabsi"],"publishpress_future_action":{"enabled":false,"date":"2026-05-07 06:47:48","action":"category","newStatus":"draft","terms":[],"taxonomy":"category","extraData":[]},"publishpress_future_workflow_manual_trigger":{"enabledWorkflows":[]},"_links":{"self":[{"href":"https:\/\/www.ce-illkirch.fr\/wordpress\/wp-json\/wp\/v2\/posts\/8422","targetHints":{"allow":["GET"]}}],"collection":[{"href":"https:\/\/www.ce-illkirch.fr\/wordpress\/wp-json\/wp\/v2\/posts"}],"about":[{"href":"https:\/\/www.ce-illkirch.fr\/wordpress\/wp-json\/wp\/v2\/types\/post"}],"author":[{"embeddable":true,"href":"https:\/\/www.ce-illkirch.fr\/wordpress\/wp-json\/wp\/v2\/users\/1"}],"replies":[{"embeddable":true,"href":"https:\/\/www.ce-illkirch.fr\/wordpress\/wp-json\/wp\/v2\/comments?post=8422"}],"version-history":[{"count":6,"href":"https:\/\/www.ce-illkirch.fr\/wordpress\/wp-json\/wp\/v2\/posts\/8422\/revisions"}],"predecessor-version":[{"id":36128,"href":"https:\/\/www.ce-illkirch.fr\/wordpress\/wp-json\/wp\/v2\/posts\/8422\/revisions\/36128"}],"wp:featuredmedia":[{"embeddable":true,"href":"https:\/\/www.ce-illkirch.fr\/wordpress\/wp-json\/wp\/v2\/media\/30239"}],"wp:attachment":[{"href":"https:\/\/www.ce-illkirch.fr\/wordpress\/wp-json\/wp\/v2\/media?parent=8422"}],"wp:term":[{"taxonomy":"category","embeddable":true,"href":"https:\/\/www.ce-illkirch.fr\/wordpress\/wp-json\/wp\/v2\/categories?post=8422"},{"taxonomy":"post_tag","embeddable":true,"href":"https:\/\/www.ce-illkirch.fr\/wordpress\/wp-json\/wp\/v2\/tags?post=8422"}],"curies":[{"name":"wp","href":"https:\/\/api.w.org\/{rel}","templated":true}]}}