{"id":8944,"date":"2016-04-26T08:01:53","date_gmt":"2016-04-26T07:01:53","guid":{"rendered":"http:\/\/www.ce-illkirch.fr\/wordpress\/?p=8944"},"modified":"2016-04-26T08:01:53","modified_gmt":"2016-04-26T07:01:53","slug":"a-vous-musiciens","status":"publish","type":"post","link":"https:\/\/www.ce-illkirch.fr\/wordpress\/2016\/04\/bibliotheque\/a-vous-musiciens\/","title":{"rendered":"A vous musiciens !"},"content":{"rendered":"<p><a href=\"http:\/\/www.ce-illkirch.fr\/wordpress\/wp-content\/uploads\/musique-jazz-orchestra-personnes-avec-des-instruments-de-musique.jpg\"><a href=\"http:\/\/www.ce-illkirch.fr\/wordpress\/wp-content\/uploads\/fetedelamusique-ima.jpg\"><img loading=\"lazy\" decoding=\"async\" class=\"alignleft size-full wp-image-17301\" alt=\"fetedelamusique-ima\" src=\"http:\/\/www.ce-illkirch.fr\/wordpress\/wp-content\/uploads\/fetedelamusique-ima.jpg\" width=\"138\" height=\"89\" \/><\/a><\/a><\/p>\n<p><strong>Appel aux musiciens :<\/strong> Si vous jouez d&rsquo;un instrument et si vous avez envie de partager et faire partager votre amour de la musique, joignez-vous aux musiciens d&rsquo;Alcatel pour la f\u00eate de la musique. Inscription \u00e0 la biblioth\u00e8que aupr\u00e8s d&rsquo;EveLine.<\/p>\n<p>&nbsp;<\/p>\n","protected":false},"excerpt":{"rendered":"<p>Appel aux musiciens : Si vous jouez d&rsquo;un instrument et si vous avez envie de partager et faire partager votre amour de la musique, joignez-vous aux musiciens d&rsquo;Alcatel pour la [&hellip;]<\/p>\n","protected":false},"author":1,"featured_media":0,"comment_status":"open","ping_status":"closed","sticky":false,"template":"","format":"standard","meta":{"footnotes":""},"categories":[5,9,51,16,22],"tags":[],"class_list":["post-8944","post","type-post","status-publish","format-standard","hentry","category-bibliotheque","category-concerts","category-groupe-vocal","category-loisirs","category-petites-annonces"],"publishpress_future_action":{"enabled":false,"date":"2026-05-07 13:42:30","action":"category","newStatus":"draft","terms":[],"taxonomy":"category","extraData":[]},"publishpress_future_workflow_manual_trigger":{"enabledWorkflows":[]},"_links":{"self":[{"href":"https:\/\/www.ce-illkirch.fr\/wordpress\/wp-json\/wp\/v2\/posts\/8944","targetHints":{"allow":["GET"]}}],"collection":[{"href":"https:\/\/www.ce-illkirch.fr\/wordpress\/wp-json\/wp\/v2\/posts"}],"about":[{"href":"https:\/\/www.ce-illkirch.fr\/wordpress\/wp-json\/wp\/v2\/types\/post"}],"author":[{"embeddable":true,"href":"https:\/\/www.ce-illkirch.fr\/wordpress\/wp-json\/wp\/v2\/users\/1"}],"replies":[{"embeddable":true,"href":"https:\/\/www.ce-illkirch.fr\/wordpress\/wp-json\/wp\/v2\/comments?post=8944"}],"version-history":[{"count":0,"href":"https:\/\/www.ce-illkirch.fr\/wordpress\/wp-json\/wp\/v2\/posts\/8944\/revisions"}],"wp:attachment":[{"href":"https:\/\/www.ce-illkirch.fr\/wordpress\/wp-json\/wp\/v2\/media?parent=8944"}],"wp:term":[{"taxonomy":"category","embeddable":true,"href":"https:\/\/www.ce-illkirch.fr\/wordpress\/wp-json\/wp\/v2\/categories?post=8944"},{"taxonomy":"post_tag","embeddable":true,"href":"https:\/\/www.ce-illkirch.fr\/wordpress\/wp-json\/wp\/v2\/tags?post=8944"}],"curies":[{"name":"wp","href":"https:\/\/api.w.org\/{rel}","templated":true}]}}