{"id":8992,"date":"2013-04-04T11:53:06","date_gmt":"2013-04-04T10:53:06","guid":{"rendered":"http:\/\/www.ce-illkirch.fr\/wordpress\/?p=8992"},"modified":"2026-04-14T11:21:14","modified_gmt":"2026-04-14T09:21:14","slug":"a-quoi-sert-la-relation-franco-allemande","status":"publish","type":"post","link":"https:\/\/www.ce-illkirch.fr\/wordpress\/2013\/04\/non-classe\/a-quoi-sert-la-relation-franco-allemande\/","title":{"rendered":"A quoi sert la relation franco-allemande ?"},"content":{"rendered":"<p><img loading=\"lazy\" decoding=\"async\" class=\"alignleft size-full wp-image-8993\" src=\"http:\/\/www.ce-illkirch.fr\/wordpress\/wp-content\/uploads\/ForumStrasbourgAvril2013.jpeg\" alt=\"ForumStrasbourgAvril2013\" width=\"162\" height=\"217\" \/><strong>Forum de Strasbourg les 5 et 6 avril 2013<\/strong>. <em>Entr\u00e9e gratuite sur r\u00e9servation.<\/em><\/p>\n<p>\u00c0 l\u2019occasion du 50\u00e8me anniversaire du <a href=\"http:\/\/fr.wikipedia.org\/wiki\/Trait%C3%A9_de_l%27%C3%89lys%C3%A9e\">Trait\u00e9 de l\u2019Elys\u00e9e<\/a>, une dizaine de d\u00e9bats passeront au crible, toutes les dimensions de la relation franco-allemande\u00a0: politiques, culturelles, \u00e9conomiques, historiques, soci\u00e9tales.<\/p>\n<p>Invit\u00e9s : Bernard Cazeneuve, Joschka Fischer, Martin Hirsch, St\u00e9phane Gatignon, Sandrine B\u00e9lier, Guillaume Duval, Corinne Lepage et bien d\u2019autres.<br \/>\nProgramme_Forum5&amp;6avril_Strasbourg<\/p>\n<p>Rdv donc \u00e0 la grande salle de l&rsquo;Aubette place Kl\u00e9ber, \u00e0 la librairie Kl\u00e9ber ou au cin\u00e9ma l&rsquo;Odyss\u00e9e.<\/p>\n<p>Inscriptions\u00a0 sur le site d\u00e9di\u00e9 de Lib\u00e9ration.<\/p>\n","protected":false},"excerpt":{"rendered":"<p>Forum de Strasbourg les 5 et 6 avril 2013. Entr\u00e9e gratuite sur r\u00e9servation. \u00c0 l\u2019occasion du 50\u00e8me anniversaire du Trait\u00e9 de l\u2019Elys\u00e9e, une dizaine de d\u00e9bats passeront au crible, toutes [&hellip;]<\/p>\n","protected":false},"author":1,"featured_media":0,"comment_status":"open","ping_status":"closed","sticky":false,"template":"","format":"standard","meta":{"footnotes":""},"categories":[12,1],"tags":[],"class_list":["post-8992","post","type-post","status-publish","format-standard","hentry","category-formation","category-non-classe"],"publishpress_future_action":{"enabled":false,"date":"2026-05-07 17:04:53","action":"category","newStatus":"draft","terms":[],"taxonomy":"category","extraData":[]},"publishpress_future_workflow_manual_trigger":{"enabledWorkflows":[]},"_links":{"self":[{"href":"https:\/\/www.ce-illkirch.fr\/wordpress\/wp-json\/wp\/v2\/posts\/8992","targetHints":{"allow":["GET"]}}],"collection":[{"href":"https:\/\/www.ce-illkirch.fr\/wordpress\/wp-json\/wp\/v2\/posts"}],"about":[{"href":"https:\/\/www.ce-illkirch.fr\/wordpress\/wp-json\/wp\/v2\/types\/post"}],"author":[{"embeddable":true,"href":"https:\/\/www.ce-illkirch.fr\/wordpress\/wp-json\/wp\/v2\/users\/1"}],"replies":[{"embeddable":true,"href":"https:\/\/www.ce-illkirch.fr\/wordpress\/wp-json\/wp\/v2\/comments?post=8992"}],"version-history":[{"count":2,"href":"https:\/\/www.ce-illkirch.fr\/wordpress\/wp-json\/wp\/v2\/posts\/8992\/revisions"}],"predecessor-version":[{"id":39256,"href":"https:\/\/www.ce-illkirch.fr\/wordpress\/wp-json\/wp\/v2\/posts\/8992\/revisions\/39256"}],"wp:attachment":[{"href":"https:\/\/www.ce-illkirch.fr\/wordpress\/wp-json\/wp\/v2\/media?parent=8992"}],"wp:term":[{"taxonomy":"category","embeddable":true,"href":"https:\/\/www.ce-illkirch.fr\/wordpress\/wp-json\/wp\/v2\/categories?post=8992"},{"taxonomy":"post_tag","embeddable":true,"href":"https:\/\/www.ce-illkirch.fr\/wordpress\/wp-json\/wp\/v2\/tags?post=8992"}],"curies":[{"name":"wp","href":"https:\/\/api.w.org\/{rel}","templated":true}]}}