{"id":9297,"date":"2025-04-28T11:36:35","date_gmt":"2025-04-28T09:36:35","guid":{"rendered":"http:\/\/www.ce-illkirch.fr\/wordpress\/?p=9297"},"modified":"2025-05-02T10:20:42","modified_gmt":"2025-05-02T08:20:42","slug":"prix-bd","status":"publish","type":"post","link":"https:\/\/www.ce-illkirch.fr\/wordpress\/2025\/04\/bibliotheque\/prix-bd\/","title":{"rendered":"Prix BD 2025 &#8211; rencontre auteur 29\/04"},"content":{"rendered":"<p><strong>Cezam Grand Est est heureux de vous inviter \u00e0 l\u2019Ap\u00e9ro des Lecteurs 1<sup>\u00e8re<\/sup> \u00e9dition.<\/strong><\/p>\n<p>Qu\u2019est-ce que l\u2019ap\u00e9ro des lecteurs\u00a0?<br \/>\nC\u2019est une rencontre conviviale et d\u00e9tendue autour d\u2019un verre (de bi\u00e8re ou d\u2019un soda,\u2026) entre les lecteurs des diff\u00e9rents prix culturels Cezam pour discuter des ouvrages qui composent ces prix.<br \/>\nPour cette premi\u00e8re \u00e9dition, cet ap\u00e9ro des lecteurs sera orient\u00e9 Prix Bd puisque nous aurons le privil\u00e8ge de recevoir un invit\u00e9 exceptionnel\u00a0: <strong>Terkel Risbjerg<\/strong>,\u00a0 dessinateur de l\u2019ouvrage \u00ab\u00a0Copenhague\u00a0\u00bb s\u00e9lection officielle du Prix BD Cezam 2025.<\/p>\n<p>Alors, rendez-vous le <strong>Mardi 29 avril 2025 \u00e0 18h \u00e0 l\u2019h\u00f4tel Clap Clap<\/strong> 24-26 rue du Faubourg National.<\/p>\n<p>Venez rencontrer et discuter avec Terkel Risbjerg\u00a0!<\/p>\n<p>Entr\u00e9e libre sur r\u00e9servation par mail \u00e0\u00a0: <a href=\"mailto:yann.pignon@cezam-grandest.fr\">yann.pignon@cezam-grandest.fr<\/a><\/p>\n<p>&nbsp;<\/p>\n<p>&nbsp;<\/p>\n<p style=\"text-align: center;\"><strong>2025 ! PRIX BD NATIONAL : <\/strong>Lire 9 BDs et voter pour vos 3 BDs pr\u00e9f\u00e9r\u00e9es avant novembre.<\/p>\n<p><strong>Nouveaut\u00e9 2025 !<\/strong><strong><br \/>\n<\/strong>R\u00e9alisez votre podium en donnant vos 3 coups c\u0153urs parmi la s\u00e9lection.<br \/>\nPour voter, il faut avoir lu au minimum 3 bandes dessin\u00e9es. <strong>Mais pour \u00eatre s\u00fbr de ne pas \u00eatre pass\u00e9 \u00e0 c\u00f4t\u00e9 de vos coups de c\u0153urs, nous vous encourageons \u00e0 lire l\u2019ensemble de la s\u00e9lection ! <a href=\"https:\/\/www.ce-illkirch.fr\/wordpress\/wp-content\/uploads\/2025\/02\/Prix-bd-2025-resumes.pdf\">R\u00e9sum\u00e9s des BDs<\/a><br \/>\n<\/strong><\/p>\n<p><a href=\"https:\/\/www.ce-illkirch.fr\/wordpress\/wp-content\/uploads\/2025\/01\/selection.png\"><img loading=\"lazy\" decoding=\"async\" class=\"alignnone wp-image-36756\" src=\"https:\/\/www.ce-illkirch.fr\/wordpress\/wp-content\/uploads\/2025\/01\/selection-1024x361.png\" alt=\"\" width=\"980\" height=\"345\" srcset=\"https:\/\/www.ce-illkirch.fr\/wordpress\/wp-content\/uploads\/2025\/01\/selection-1024x361.png 1024w, https:\/\/www.ce-illkirch.fr\/wordpress\/wp-content\/uploads\/2025\/01\/selection-300x106.png 300w, https:\/\/www.ce-illkirch.fr\/wordpress\/wp-content\/uploads\/2025\/01\/selection-768x271.png 768w, https:\/\/www.ce-illkirch.fr\/wordpress\/wp-content\/uploads\/2025\/01\/selection-110x39.png 110w, https:\/\/www.ce-illkirch.fr\/wordpress\/wp-content\/uploads\/2025\/01\/selection-420x148.png 420w, https:\/\/www.ce-illkirch.fr\/wordpress\/wp-content\/uploads\/2025\/01\/selection-770x272.png 770w, https:\/\/www.ce-illkirch.fr\/wordpress\/wp-content\/uploads\/2025\/01\/selection.png 1250w\" sizes=\"auto, (max-width: 980px) 100vw, 980px\" \/><\/a><\/p>\n<p><strong>R\u00e9sultats ALE Prix 2024 :<\/strong><\/p>\n<p>1 . La Ride<a href=\"https:\/\/www.ce-illkirch.fr\/wordpress\/wp-content\/uploads\/2025\/01\/9782205202137-couv-scaled.jpg\"><img loading=\"lazy\" decoding=\"async\" class=\"size-thumbnail wp-image-36754 alignleft\" src=\"https:\/\/www.ce-illkirch.fr\/wordpress\/wp-content\/uploads\/2025\/01\/9782205202137-couv-150x150.jpg\" alt=\"\" width=\"150\" height=\"150\" srcset=\"https:\/\/www.ce-illkirch.fr\/wordpress\/wp-content\/uploads\/2025\/01\/9782205202137-couv-150x150.jpg 150w, https:\/\/www.ce-illkirch.fr\/wordpress\/wp-content\/uploads\/2025\/01\/9782205202137-couv-250x250.jpg 250w, https:\/\/www.ce-illkirch.fr\/wordpress\/wp-content\/uploads\/2025\/01\/9782205202137-couv-125x125.jpg 125w, https:\/\/www.ce-illkirch.fr\/wordpress\/wp-content\/uploads\/2025\/01\/9782205202137-couv-64x64.jpg 64w, https:\/\/www.ce-illkirch.fr\/wordpress\/wp-content\/uploads\/2025\/01\/9782205202137-couv-110x110.jpg 110w, https:\/\/www.ce-illkirch.fr\/wordpress\/wp-content\/uploads\/2025\/01\/9782205202137-couv-420x420.jpg 420w, https:\/\/www.ce-illkirch.fr\/wordpress\/wp-content\/uploads\/2025\/01\/9782205202137-couv-120x120.jpg 120w\" sizes=\"auto, (max-width: 150px) 100vw, 150px\" \/><\/a><\/p>\n<p>2. La Force des Arbres<\/p>\n<p>3. Shibumi<\/p>\n<p>4. Frontier<\/p>\n<p>5. L&rsquo;enfer de Dante<\/p>\n<p>&nbsp;<\/p>\n","protected":false},"excerpt":{"rendered":"<p>Cezam Grand Est est heureux de vous inviter \u00e0 l\u2019Ap\u00e9ro des Lecteurs 1\u00e8re \u00e9dition. Qu\u2019est-ce que l\u2019ap\u00e9ro des lecteurs\u00a0? C\u2019est une rencontre conviviale et d\u00e9tendue autour d\u2019un verre (de bi\u00e8re [&hellip;]<\/p>\n","protected":false},"author":1,"featured_media":36689,"comment_status":"open","ping_status":"closed","sticky":false,"template":"","format":"standard","meta":{"footnotes":""},"categories":[5,24],"tags":[],"class_list":["post-9297","post","type-post","status-publish","format-standard","has-post-thumbnail","hentry","category-bibliotheque","category-prix-bd"],"publishpress_future_action":{"enabled":false,"date":"2026-05-08 09:15:19","action":"category","newStatus":"draft","terms":[],"taxonomy":"category","extraData":[]},"publishpress_future_workflow_manual_trigger":{"enabledWorkflows":[]},"_links":{"self":[{"href":"https:\/\/www.ce-illkirch.fr\/wordpress\/wp-json\/wp\/v2\/posts\/9297","targetHints":{"allow":["GET"]}}],"collection":[{"href":"https:\/\/www.ce-illkirch.fr\/wordpress\/wp-json\/wp\/v2\/posts"}],"about":[{"href":"https:\/\/www.ce-illkirch.fr\/wordpress\/wp-json\/wp\/v2\/types\/post"}],"author":[{"embeddable":true,"href":"https:\/\/www.ce-illkirch.fr\/wordpress\/wp-json\/wp\/v2\/users\/1"}],"replies":[{"embeddable":true,"href":"https:\/\/www.ce-illkirch.fr\/wordpress\/wp-json\/wp\/v2\/comments?post=9297"}],"version-history":[{"count":19,"href":"https:\/\/www.ce-illkirch.fr\/wordpress\/wp-json\/wp\/v2\/posts\/9297\/revisions"}],"predecessor-version":[{"id":37174,"href":"https:\/\/www.ce-illkirch.fr\/wordpress\/wp-json\/wp\/v2\/posts\/9297\/revisions\/37174"}],"wp:featuredmedia":[{"embeddable":true,"href":"https:\/\/www.ce-illkirch.fr\/wordpress\/wp-json\/wp\/v2\/media\/36689"}],"wp:attachment":[{"href":"https:\/\/www.ce-illkirch.fr\/wordpress\/wp-json\/wp\/v2\/media?parent=9297"}],"wp:term":[{"taxonomy":"category","embeddable":true,"href":"https:\/\/www.ce-illkirch.fr\/wordpress\/wp-json\/wp\/v2\/categories?post=9297"},{"taxonomy":"post_tag","embeddable":true,"href":"https:\/\/www.ce-illkirch.fr\/wordpress\/wp-json\/wp\/v2\/tags?post=9297"}],"curies":[{"name":"wp","href":"https:\/\/api.w.org\/{rel}","templated":true}]}}