{"id":9508,"date":"2013-06-10T08:12:18","date_gmt":"2013-06-10T07:12:18","guid":{"rendered":"http:\/\/www.ce-illkirch.fr\/wordpress\/?p=9508"},"modified":"2013-06-10T08:12:18","modified_gmt":"2013-06-10T07:12:18","slug":"cyclistes-pensez-a-declarer-vos-km","status":"publish","type":"post","link":"https:\/\/www.ce-illkirch.fr\/wordpress\/2013\/06\/ecologie\/cyclistes-pensez-a-declarer-vos-km\/","title":{"rendered":"Cyclistes, pensez \u00e0 d\u00e9clarer vos km !"},"content":{"rendered":"<p>Le challenge \u00ab\u00a0Au boulo \u00e0 v\u00e9lo\u00a0\u00bb est termin\u00e9. N&rsquo;oubliez pas de <strong>renvoyer au plus vite la <a href=\"http:\/\/www.ce-illkirch.fr\/wordpress\/wp-content\/uploads\/FicheCollectePrintempsDuVelo2013.xls\" target=\"_blank\">Fiche de relev\u00e9 challenge v\u00e9lo<\/a><\/strong>\u00a0 \u00e0 Rodolphe Dugu\u00e9.<\/p>\n<p>Si vous avez <strong>parrain\u00e9<\/strong> un nouveau v\u00e9lo-tafeur (premi\u00e8re participation au Printemps du V\u00e9lo), n&rsquo;oubliez pas d&rsquo;indiquer le nom de votre \u00ab\u00a0filleul\u00a0\u00bb.<\/p>\n<p>Objectif\u00a0<strong>:<\/strong> comptabiliser encore plus de kms et <strong>revenir dans le top 3 des entreprises de plus 250 salari\u00e9s<\/strong>.<\/p>\n<p>En fin de challenge<strong>\u00a0:<\/strong> <strong>nombreuses r\u00e9compenses par tirage au sort<\/strong>, avec une double chance pour ceux qui parrainent.<\/p>\n<p>Et bien s\u00fbr&#8230; continuez \u00e0 venir travailler en v\u00e9lo !<\/p>\n","protected":false},"excerpt":{"rendered":"<p>Le challenge \u00ab\u00a0Au boulo \u00e0 v\u00e9lo\u00a0\u00bb est termin\u00e9. N&rsquo;oubliez pas de renvoyer au plus vite la Fiche de relev\u00e9 challenge v\u00e9lo\u00a0 \u00e0 Rodolphe Dugu\u00e9. Si vous avez parrain\u00e9 un nouveau [&hellip;]<\/p>\n","protected":false},"author":1,"featured_media":0,"comment_status":"open","ping_status":"closed","sticky":false,"template":"","format":"standard","meta":{"footnotes":""},"categories":[10,39],"tags":[],"class_list":["post-9508","post","type-post","status-publish","format-standard","hentry","category-ecologie","category-transport"],"publishpress_future_action":{"enabled":false,"date":"2026-05-08 06:47:25","action":"category","newStatus":"draft","terms":[],"taxonomy":"category","extraData":[]},"publishpress_future_workflow_manual_trigger":{"enabledWorkflows":[]},"_links":{"self":[{"href":"https:\/\/www.ce-illkirch.fr\/wordpress\/wp-json\/wp\/v2\/posts\/9508","targetHints":{"allow":["GET"]}}],"collection":[{"href":"https:\/\/www.ce-illkirch.fr\/wordpress\/wp-json\/wp\/v2\/posts"}],"about":[{"href":"https:\/\/www.ce-illkirch.fr\/wordpress\/wp-json\/wp\/v2\/types\/post"}],"author":[{"embeddable":true,"href":"https:\/\/www.ce-illkirch.fr\/wordpress\/wp-json\/wp\/v2\/users\/1"}],"replies":[{"embeddable":true,"href":"https:\/\/www.ce-illkirch.fr\/wordpress\/wp-json\/wp\/v2\/comments?post=9508"}],"version-history":[{"count":0,"href":"https:\/\/www.ce-illkirch.fr\/wordpress\/wp-json\/wp\/v2\/posts\/9508\/revisions"}],"wp:attachment":[{"href":"https:\/\/www.ce-illkirch.fr\/wordpress\/wp-json\/wp\/v2\/media?parent=9508"}],"wp:term":[{"taxonomy":"category","embeddable":true,"href":"https:\/\/www.ce-illkirch.fr\/wordpress\/wp-json\/wp\/v2\/categories?post=9508"},{"taxonomy":"post_tag","embeddable":true,"href":"https:\/\/www.ce-illkirch.fr\/wordpress\/wp-json\/wp\/v2\/tags?post=9508"}],"curies":[{"name":"wp","href":"https:\/\/api.w.org\/{rel}","templated":true}]}}