{"id":9570,"date":"2019-12-02T08:00:49","date_gmt":"2019-12-02T07:00:49","guid":{"rendered":"http:\/\/www.ce-illkirch.fr\/wordpress\/?p=9570"},"modified":"2019-12-06T15:42:09","modified_gmt":"2019-12-06T14:42:09","slug":"un-nouveau-service-du-ce-pour-organiser-des-pots-eco-responsables","status":"publish","type":"post","link":"https:\/\/www.ce-illkirch.fr\/wordpress\/2019\/12\/ecologie\/un-nouveau-service-du-ce-pour-organiser-des-pots-eco-responsables\/","title":{"rendered":"Vous organisez un pot ? Passez au CSE chercher les verres !"},"content":{"rendered":"<p>Le CSE poss\u00e8de une 50aine de tr\u00e8s jolis verres en verre, pour \u00e9viter autant que possible de g\u00e9n\u00e9rer des d\u00e9chets inutiles par l&rsquo;utilisation de gobelets jetables.<\/p>\n<p>Le \u00ab\u00a0kit\u00a0\u00bb comprenant les verres, une cuvette, du produit vaisselle et des torchons est \u00e0 disposition au CSE, <strong>pr\u00eat\u00e9 gratuitement<\/strong> sur demande.<\/p>\n<p>Seul imp\u00e9ratif : les rapporter propres, \u00e9videmment !<\/p>\n","protected":false},"excerpt":{"rendered":"<p>Le CSE poss\u00e8de une 50aine de tr\u00e8s jolis verres en verre, pour \u00e9viter autant que possible de g\u00e9n\u00e9rer des d\u00e9chets inutiles par l&rsquo;utilisation de gobelets jetables. Le \u00ab\u00a0kit\u00a0\u00bb comprenant les [&hellip;]<\/p>\n","protected":false},"author":1,"featured_media":23285,"comment_status":"open","ping_status":"closed","sticky":false,"template":"","format":"standard","meta":{"footnotes":""},"categories":[10,37],"tags":[],"class_list":["post-9570","post","type-post","status-publish","format-standard","has-post-thumbnail","hentry","category-ecologie","category-top_sticky"],"publishpress_future_action":{"enabled":false,"date":"2026-05-07 10:28:12","action":"category","newStatus":"draft","terms":[],"taxonomy":"category","extraData":[]},"publishpress_future_workflow_manual_trigger":{"enabledWorkflows":[]},"_links":{"self":[{"href":"https:\/\/www.ce-illkirch.fr\/wordpress\/wp-json\/wp\/v2\/posts\/9570","targetHints":{"allow":["GET"]}}],"collection":[{"href":"https:\/\/www.ce-illkirch.fr\/wordpress\/wp-json\/wp\/v2\/posts"}],"about":[{"href":"https:\/\/www.ce-illkirch.fr\/wordpress\/wp-json\/wp\/v2\/types\/post"}],"author":[{"embeddable":true,"href":"https:\/\/www.ce-illkirch.fr\/wordpress\/wp-json\/wp\/v2\/users\/1"}],"replies":[{"embeddable":true,"href":"https:\/\/www.ce-illkirch.fr\/wordpress\/wp-json\/wp\/v2\/comments?post=9570"}],"version-history":[{"count":3,"href":"https:\/\/www.ce-illkirch.fr\/wordpress\/wp-json\/wp\/v2\/posts\/9570\/revisions"}],"predecessor-version":[{"id":26416,"href":"https:\/\/www.ce-illkirch.fr\/wordpress\/wp-json\/wp\/v2\/posts\/9570\/revisions\/26416"}],"wp:featuredmedia":[{"embeddable":true,"href":"https:\/\/www.ce-illkirch.fr\/wordpress\/wp-json\/wp\/v2\/media\/23285"}],"wp:attachment":[{"href":"https:\/\/www.ce-illkirch.fr\/wordpress\/wp-json\/wp\/v2\/media?parent=9570"}],"wp:term":[{"taxonomy":"category","embeddable":true,"href":"https:\/\/www.ce-illkirch.fr\/wordpress\/wp-json\/wp\/v2\/categories?post=9570"},{"taxonomy":"post_tag","embeddable":true,"href":"https:\/\/www.ce-illkirch.fr\/wordpress\/wp-json\/wp\/v2\/tags?post=9570"}],"curies":[{"name":"wp","href":"https:\/\/api.w.org\/{rel}","templated":true}]}}