{"id":9754,"date":"2013-07-09T10:30:26","date_gmt":"2013-07-09T09:30:26","guid":{"rendered":"http:\/\/www.ce-illkirch.fr\/wordpress\/?p=9754"},"modified":"2023-02-03T16:05:01","modified_gmt":"2023-02-03T15:05:01","slug":"le-velo-a-assistance-electrique-a-la-semaine","status":"publish","type":"post","link":"https:\/\/www.ce-illkirch.fr\/wordpress\/2013\/07\/ecologie\/le-velo-a-assistance-electrique-a-la-semaine\/","title":{"rendered":"Le v\u00e9lo \u00e0 assistance \u00e9lectrique \u00e0 la semaine"},"content":{"rendered":"<p><a href=\"http:\/\/www.ce-illkirch.fr\/wordpress\/2012\/11\/nouveau-tarif-location-du-velo-a-assistance-electrique\/velovae_alcatel-3\/\" rel=\"attachment wp-att-7965\"><img loading=\"lazy\" decoding=\"async\" class=\"alignleft size-full wp-image-7965\" src=\"http:\/\/www.ce-illkirch.fr\/wordpress\/wp-content\/uploads\/velovae_alcatel2.jpg\" alt=\"velovae_alcatel\" width=\"199\" height=\"151\" \/><\/a>\u00a0 Le VAE se loue d\u00e9sormais aussi \u00e0 la semaine, voire plus !<\/p>\n<p><strong>1 jour : 5 \u20ac<\/strong> du lundi au mardi ou du jeudi au vendredi<\/p>\n<p><strong>2 jours : 8 \u20ac<\/strong> du mardi au jeudi<\/p>\n<p><strong>3 jours : 10 \u20ac<\/strong> (par exemple du vendredi au lundi)<\/p>\n<p><strong>7 jours : 15 \u20ac (<\/strong>par exemple de vendredi \u00e0 vendredi)<\/p>\n<p>Si vous souhaitez le garder plus longtemps, le tarif de <strong>5\u20ac par semaine suppl\u00e9mentaire<\/strong> sera appliqu\u00e9, avec obligation de rapporter le VAE si qq&rsquo;un d&rsquo;autre souhaite l&rsquo;essayer.<\/p>\n<p>Si vous \u00eates venu en v\u00e9lo le matin, vous pouvez le laissez pour la nuit dans un endroit ferm\u00e9.<\/p>\n<p>Pensez aussi \u00e0 utiliser le site de covoiturage pour trouver un chauffeur ce jour-l\u00e0.<\/p>\n","protected":false},"excerpt":{"rendered":"<p>\u00a0 Le VAE se loue d\u00e9sormais aussi \u00e0 la semaine, voire plus ! 1 jour : 5 \u20ac du lundi au mardi ou du jeudi au vendredi 2 jours : [&hellip;]<\/p>\n","protected":false},"author":1,"featured_media":0,"comment_status":"open","ping_status":"closed","sticky":false,"template":"","format":"standard","meta":{"footnotes":""},"categories":[10,29,39],"tags":[],"class_list":["post-9754","post","type-post","status-publish","format-standard","hentry","category-ecologie","category-scabsi","category-transport"],"publishpress_future_action":{"enabled":false,"date":"2026-05-08 03:12:16","action":"category","newStatus":"draft","terms":[],"taxonomy":"category","extraData":[]},"publishpress_future_workflow_manual_trigger":{"enabledWorkflows":[]},"_links":{"self":[{"href":"https:\/\/www.ce-illkirch.fr\/wordpress\/wp-json\/wp\/v2\/posts\/9754","targetHints":{"allow":["GET"]}}],"collection":[{"href":"https:\/\/www.ce-illkirch.fr\/wordpress\/wp-json\/wp\/v2\/posts"}],"about":[{"href":"https:\/\/www.ce-illkirch.fr\/wordpress\/wp-json\/wp\/v2\/types\/post"}],"author":[{"embeddable":true,"href":"https:\/\/www.ce-illkirch.fr\/wordpress\/wp-json\/wp\/v2\/users\/1"}],"replies":[{"embeddable":true,"href":"https:\/\/www.ce-illkirch.fr\/wordpress\/wp-json\/wp\/v2\/comments?post=9754"}],"version-history":[{"count":1,"href":"https:\/\/www.ce-illkirch.fr\/wordpress\/wp-json\/wp\/v2\/posts\/9754\/revisions"}],"predecessor-version":[{"id":32321,"href":"https:\/\/www.ce-illkirch.fr\/wordpress\/wp-json\/wp\/v2\/posts\/9754\/revisions\/32321"}],"wp:attachment":[{"href":"https:\/\/www.ce-illkirch.fr\/wordpress\/wp-json\/wp\/v2\/media?parent=9754"}],"wp:term":[{"taxonomy":"category","embeddable":true,"href":"https:\/\/www.ce-illkirch.fr\/wordpress\/wp-json\/wp\/v2\/categories?post=9754"},{"taxonomy":"post_tag","embeddable":true,"href":"https:\/\/www.ce-illkirch.fr\/wordpress\/wp-json\/wp\/v2\/tags?post=9754"}],"curies":[{"name":"wp","href":"https:\/\/api.w.org\/{rel}","templated":true}]}}