{"id":9976,"date":"2024-08-06T09:21:08","date_gmt":"2024-08-06T07:21:08","guid":{"rendered":"http:\/\/www.ce-illkirch.fr\/wordpress\/?p=9976"},"modified":"2024-08-08T11:34:34","modified_gmt":"2024-08-08T09:34:34","slug":"marche-gourmande","status":"publish","type":"post","link":"https:\/\/www.ce-illkirch.fr\/wordpress\/2024\/08\/loisirs\/loisirs-sorties\/marche-gourmande\/","title":{"rendered":"Marche gourmande 25\/08"},"content":{"rendered":"<p><b>25 ao\u00fbt \u00e0 Obernai &#8211; d\u00e9part pr\u00e9vu \u00e0 11h15. <\/b>Responsable Pascal Ingwiller.<\/p>\n<p>Inscriptions au CSE avant le 15\/05. <strong>Tarif 19.50 \u20ac<\/strong> au lieu de 38 \u20ac, <strong>enfant 9.50 \u20ac<\/strong> au lieu de 19 \u20ac. <a href=\"https:\/\/www.ce-illkirch.fr\/wordpress\/wp-content\/uploads\/2013\/08\/2408_marchegourmande.pdf\" target=\"_blank\" rel=\"noopener\">Programme<\/a><\/p>\n<p><a href=\"https:\/\/www.vignerons-obernai.com\/marche-gastronomique\">https:\/\/www.vignerons-obernai.com\/marche-gastronomique<\/a><\/p>\n","protected":false},"excerpt":{"rendered":"<p>25 ao\u00fbt \u00e0 Obernai &#8211; d\u00e9part pr\u00e9vu \u00e0 11h15. Responsable Pascal Ingwiller. Inscriptions au CSE avant le 15\/05. Tarif 19.50 \u20ac au lieu de 38 \u20ac, enfant 9.50 \u20ac au [&hellip;]<\/p>\n","protected":false},"author":1,"featured_media":35024,"comment_status":"open","ping_status":"closed","sticky":false,"template":"","format":"standard","meta":{"footnotes":""},"categories":[18],"tags":[],"class_list":["post-9976","post","type-post","status-publish","format-standard","has-post-thumbnail","hentry","category-loisirs-sorties"],"publishpress_future_action":{"enabled":false,"date":"2026-05-08 19:29:45","action":"category","newStatus":"draft","terms":[],"taxonomy":"category","extraData":[]},"publishpress_future_workflow_manual_trigger":{"enabledWorkflows":[]},"_links":{"self":[{"href":"https:\/\/www.ce-illkirch.fr\/wordpress\/wp-json\/wp\/v2\/posts\/9976","targetHints":{"allow":["GET"]}}],"collection":[{"href":"https:\/\/www.ce-illkirch.fr\/wordpress\/wp-json\/wp\/v2\/posts"}],"about":[{"href":"https:\/\/www.ce-illkirch.fr\/wordpress\/wp-json\/wp\/v2\/types\/post"}],"author":[{"embeddable":true,"href":"https:\/\/www.ce-illkirch.fr\/wordpress\/wp-json\/wp\/v2\/users\/1"}],"replies":[{"embeddable":true,"href":"https:\/\/www.ce-illkirch.fr\/wordpress\/wp-json\/wp\/v2\/comments?post=9976"}],"version-history":[{"count":6,"href":"https:\/\/www.ce-illkirch.fr\/wordpress\/wp-json\/wp\/v2\/posts\/9976\/revisions"}],"predecessor-version":[{"id":35796,"href":"https:\/\/www.ce-illkirch.fr\/wordpress\/wp-json\/wp\/v2\/posts\/9976\/revisions\/35796"}],"wp:featuredmedia":[{"embeddable":true,"href":"https:\/\/www.ce-illkirch.fr\/wordpress\/wp-json\/wp\/v2\/media\/35024"}],"wp:attachment":[{"href":"https:\/\/www.ce-illkirch.fr\/wordpress\/wp-json\/wp\/v2\/media?parent=9976"}],"wp:term":[{"taxonomy":"category","embeddable":true,"href":"https:\/\/www.ce-illkirch.fr\/wordpress\/wp-json\/wp\/v2\/categories?post=9976"},{"taxonomy":"post_tag","embeddable":true,"href":"https:\/\/www.ce-illkirch.fr\/wordpress\/wp-json\/wp\/v2\/tags?post=9976"}],"curies":[{"name":"wp","href":"https:\/\/api.w.org\/{rel}","templated":true}]}}