{"id":9994,"date":"2013-08-22T09:25:26","date_gmt":"2013-08-22T08:25:26","guid":{"rendered":"http:\/\/www.ce-illkirch.fr\/wordpress\/?p=9994"},"modified":"2023-02-03T16:06:40","modified_gmt":"2023-02-03T15:06:40","slug":"pique-nique-musical-participatif-jeudi-29-aout-de-17h30-a-21h","status":"publish","type":"post","link":"https:\/\/www.ce-illkirch.fr\/wordpress\/2013\/08\/loisirs\/pique-nique-musical-participatif-jeudi-29-aout-de-17h30-a-21h\/","title":{"rendered":"Pique nique musical participatif Jeudi 29 ao\u00fbt de 17h30 \u00e0 21h sur le site"},"content":{"rendered":"<p><strong>Vous avez aim\u00e9 la F\u00eate de la Musique sur le site ? Jeudi 29 ao\u00fbt on remet \u00e7a !<\/strong><\/p>\n<p><a href=\"http:\/\/www.ce-illkirch.fr\/wordpress\/2013\/08\/pique-nique-musical-participatif-jeudi-29-aout-de-17h30-a-21h\/piqueniquemusical\/\" rel=\"attachment wp-att-9995\"><img loading=\"lazy\" decoding=\"async\" class=\"alignleft size-full wp-image-9995\" src=\"http:\/\/www.ce-illkirch.fr\/wordpress\/wp-content\/uploads\/piqueNiqueMusical.jpg\" alt=\"piqueNiqueMusical\" width=\"343\" height=\"147\" \/><\/a>A 17h\u00a030 \u00e0 la caf\u00e9t\u00e9ria, <b>chantons tous en ch\u0153ur<\/b>, accompagn\u00e9s \u00e0 la guitare par Jean-Pierre, alors que les paroles sont affich\u00e9es \u00e0 l&rsquo;\u00e9cran, suivi <b>d\u2019un pique nique \u00e0 l\u2019ext\u00e9rieur<\/b> \u00a0(vers 18h30)<\/p>\n<p>Repas tir\u00e9 du sac : concours informel de salades compos\u00e9es ! et de desserts&#8230;<\/p>\n<p>Le CE offre cidre \/ jus de fruits et fournit les verres.<\/p>\n<p>Possibilit\u00e9 de commander des sandwiches au restaurant <i>avant mardi 27\/08 \u00e0 11h.<\/i><\/p>\n<p>Apportez vos boules de p\u00e9tanque, vos raquettes de ping-pong, il y aura aussi d&rsquo;autres animations (jeu de molki&#8230;)<\/p>\n<p>En cas de mauvais temps\u00a0: report\u00e9 au lendemain, ou annul\u00e9\u00a0: d\u00e9cision le mardi 27 (dans ce cas,\u00a0 un mail sera envoy\u00e9 aux personnes qui se seront manifest\u00e9es dans le Doodle)<\/p>\n<p>Pour ceux qui n&rsquo;auraient pas de frigo dans leur service, il est possible de laisser sa salade au CE le matin.<\/p>\n","protected":false},"excerpt":{"rendered":"<p>Vous avez aim\u00e9 la F\u00eate de la Musique sur le site ? Jeudi 29 ao\u00fbt on remet \u00e7a ! A 17h\u00a030 \u00e0 la caf\u00e9t\u00e9ria, chantons tous en ch\u0153ur, accompagn\u00e9s \u00e0 [&hellip;]<\/p>\n","protected":false},"author":1,"featured_media":0,"comment_status":"open","ping_status":"closed","sticky":false,"template":"","format":"standard","meta":{"footnotes":""},"categories":[51,16],"tags":[],"class_list":["post-9994","post","type-post","status-publish","format-standard","hentry","category-groupe-vocal","category-loisirs"],"publishpress_future_action":{"enabled":false,"date":"2026-05-07 17:07:22","action":"category","newStatus":"draft","terms":[],"taxonomy":"category","extraData":[]},"publishpress_future_workflow_manual_trigger":{"enabledWorkflows":[]},"_links":{"self":[{"href":"https:\/\/www.ce-illkirch.fr\/wordpress\/wp-json\/wp\/v2\/posts\/9994","targetHints":{"allow":["GET"]}}],"collection":[{"href":"https:\/\/www.ce-illkirch.fr\/wordpress\/wp-json\/wp\/v2\/posts"}],"about":[{"href":"https:\/\/www.ce-illkirch.fr\/wordpress\/wp-json\/wp\/v2\/types\/post"}],"author":[{"embeddable":true,"href":"https:\/\/www.ce-illkirch.fr\/wordpress\/wp-json\/wp\/v2\/users\/1"}],"replies":[{"embeddable":true,"href":"https:\/\/www.ce-illkirch.fr\/wordpress\/wp-json\/wp\/v2\/comments?post=9994"}],"version-history":[{"count":1,"href":"https:\/\/www.ce-illkirch.fr\/wordpress\/wp-json\/wp\/v2\/posts\/9994\/revisions"}],"predecessor-version":[{"id":32323,"href":"https:\/\/www.ce-illkirch.fr\/wordpress\/wp-json\/wp\/v2\/posts\/9994\/revisions\/32323"}],"wp:attachment":[{"href":"https:\/\/www.ce-illkirch.fr\/wordpress\/wp-json\/wp\/v2\/media?parent=9994"}],"wp:term":[{"taxonomy":"category","embeddable":true,"href":"https:\/\/www.ce-illkirch.fr\/wordpress\/wp-json\/wp\/v2\/categories?post=9994"},{"taxonomy":"post_tag","embeddable":true,"href":"https:\/\/www.ce-illkirch.fr\/wordpress\/wp-json\/wp\/v2\/tags?post=9994"}],"curies":[{"name":"wp","href":"https:\/\/api.w.org\/{rel}","templated":true}]}}